{"id":47028,"date":"2016-06-04T02:50:18","date_gmt":"2016-06-03T23:50:18","guid":{"rendered":"http:\/\/www.tucomarca.com\/wordpress\/segunda\/?p=47028"},"modified":"2016-06-04T02:52:06","modified_gmt":"2016-06-03T23:52:06","slug":"yatova-ofrece-lo-mejor-de-la-localidad-en-su-feria-de-turismo-artesania-y-gastronomia-de-este-fin-de-semana","status":"publish","type":"post","link":"https:\/\/www.tucomarca.com\/wordpress\/segunda\/yatova-ofrece-lo-mejor-de-la-localidad-en-su-feria-de-turismo-artesania-y-gastronomia-de-este-fin-de-semana\/","title":{"rendered":"Y\u00e1tova ofrece lo mejor de la localidad en su Feria de Turismo, Artesan\u00eda y Gastronom\u00eda de este fin de semana"},"content":{"rendered":"<figure id=\"attachment_47031\" aria-describedby=\"caption-attachment-47031\" style=\"width: 300px\" class=\"wp-caption alignleft\"><a href=\"https:\/\/www.tucomarca.com\/wordpress\/segunda\/wp-content\/uploads\/2016\/06\/FeriaYatova-5.jpg\"><img loading=\"lazy\" decoding=\"async\" class=\"size-medium wp-image-47031\" title=\"FeriaYatova-5\" src=\"https:\/\/www.tucomarca.com\/wordpress\/segunda\/wp-content\/uploads\/2016\/06\/FeriaYatova-5-300x224.jpg\" alt=\"Invitados, autoridades municipales y expositores durante la inauguraci\u00f3n de la feria de Y\u00e1tova la tarde de este viernes.\" width=\"300\" height=\"224\" \/><\/a><figcaption id=\"caption-attachment-47031\" class=\"wp-caption-text\">Invitados, autoridades municipales y expositores durante la inauguraci\u00f3n de la feria de Y\u00e1tova la tarde de este viernes.<\/figcaption><\/figure>\n<p>La s\u00e9ptima Feria de Turismo, Artesan\u00eda y Gastronom\u00eda de Y\u00e1tova ha arrancado este viernes por la tarde con muchas novedades, en un acto inaugural en el que ha participado el portavoz del grupo socialista en Les Corts Valencianes,\u00a0Manolo Mata; la Secretaria de Relaciones Institucionales del PSPV-PSOE en Les Corts, Concha Andr\u00e9s; el Diputado Provincial de Proyectos Europeos, Bartolom\u00e9 Nofuentes; y el Diputado Provincial de Carreteras,\u00a0Pablo Segu\u00ed, junto a los miembros de la corporaci\u00f3n municipal, encabezados por el alcalde, Miguel T\u00f3rtola, as\u00ed como alcaldes y ediles del resto de municipios de la comarca.<\/p>\n<p>En horario de 10,00 a 14,00 y de 17,00 a 21,00 horas el s\u00e1bado y el domingo, adem\u00e1s del viernes de 19,00 a 21,00 horas, los vecinos y visitantes podr\u00e1n disfrutar en el parque de San Vicente de la localidad de la oferta tur\u00edstica, artesana y gastron\u00f3mica que ofrece Y\u00e1tova a trav\u00e9s de los diferentes stands de comercios y asociaciones locales.<\/p>\n<p>Durante todo el fin de semana se podr\u00e1n degustar tapas elaboradas por los diferentes bares de Y\u00e1tova en una zona com\u00fan. Adem\u00e1s, se podr\u00e1 participar en un concurso de un lote de productos t\u00edpicos, pidiendo y depositando su participaci\u00f3n en el stand del Ayuntamiento.<\/p>\n<p>Esta s\u00e9ptima edici\u00f3n tambi\u00e9n cuenta con un completo programa de actividades. Tras la inauguraci\u00f3n, se ha entregado el premio del concurso del cartel para la promoci\u00f3n y difusi\u00f3n de la feria. A continuaci\u00f3n, se ha proyectado el documental gastron\u00f3mico Fogones tradicionales, rodado en Y\u00e1tova el pasado mes de enero. Ya por la noche, el Pozo de la Nieve ha sido el escenario privilegiado que acoja un documental sobre la historia de los neveros y pozos de nieve.<\/p>\n<p>El s\u00e1bado por la ma\u00f1ana hay programados talleres musicales en el stand de La Uni\u00f3n Musical. A las 13,00 horas, se sirven las degustaciones de platos t\u00edpicos elaborados por Cultural El Maciz en la zona com\u00fan. Una gincana futbolera de mano del UD Y\u00e1tova, actividades ecuestres a cargo del complejo equitaurino 3R, talleres musicales en el stand del CIM \u00abSanta Cecilia\u00bb y exhibici\u00f3n de globoflexia se desarrollar\u00e1n durante la jornada vespertina.<\/p>\n<p>Adem\u00e1s, a las 19,15 horas est\u00e1 prevista la visita a la Mina de San Vicente, por parte de los agraciados en el sorteo. Ya por la noche el taller de astronom\u00eda Descubriendo el cielo de Y\u00e1tova permitir\u00e1 conocer de cerca los astros de una forma l\u00fadica y divertida.Por su parte, el domingo a partir de las 10,00 horas tendr\u00e1 lugar la III Concentraci\u00f3n de bolilleras y exhibici\u00f3n de trabajos organizada por la Asociaci\u00f3n de Bolilleras del Motrot\u00f3n de Y\u00e1tova. Adem\u00e1s, a lo largo de la ma\u00f1ana tambi\u00e9n se realizar\u00e1n actividades ecuestres en el stand del complejo equitaurino 3R, talleres musicales para los y las m\u00e1s peque\u00f1as en el stand de La Uni\u00f3n Musical, as\u00ed como un concierto a cargo de La Uni\u00f3n. A las 13,00 horas comenzar\u00e1 la degustaci\u00f3n de platos t\u00edpicos cocinados por los diferentes bares de la localidad.<\/p>\n<p>Ya por la tarde, el complejo equitaurino 3R continuar\u00e1 con las actividades ecuestres y Cetrer\u00eda Montilla realizar\u00e1 una exhibici\u00f3n de cetrer\u00eda. A las 19,00 horas la m\u00fasica ser\u00e1 la protagonista con un concierto de mano del CIM \u00abSanta Cecilia\u00bb. Finalmente a las 20,30 horas se realizar\u00e1 el sorteo del lote de productos t\u00edpicos que pondr\u00e1 fin a la edici\u00f3n de este a\u00f1o.<\/p>\n<p>M\u00e1s informaci\u00f3n e im\u00e1genes, en la edici\u00f3n impresa de este jueves de <strong>tucomarca.com<\/strong> (n\u00famero 656).<\/p>\n","protected":false},"excerpt":{"rendered":"<div class=\"mh-excerpt\">La s\u00e9ptima Feria de Turismo, Artesan\u00eda y Gastronom\u00eda de Y\u00e1tova ha arrancado este viernes por la tarde con muchas novedades, en un acto inaugural en el que ha participado el portavoz del grupo socialista en <a class=\"mh-excerpt-more\" href=\"https:\/\/www.tucomarca.com\/wordpress\/segunda\/yatova-ofrece-lo-mejor-de-la-localidad-en-su-feria-de-turismo-artesania-y-gastronomia-de-este-fin-de-semana\/\" title=\"Y\u00e1tova ofrece lo mejor de la localidad en su Feria de Turismo, Artesan\u00eda y Gastronom\u00eda de este fin de semana\">[+] <\/a><\/div>\n","protected":false},"author":1,"featured_media":47031,"comment_status":"open","ping_status":"open","sticky":false,"template":"","format":"standard","meta":{"footnotes":""},"categories":[8,72,10,5,7,383,3,45,11],"tags":[],"class_list":{"0":"post-47028","1":"post","2":"type-post","3":"status-publish","4":"format-standard","5":"has-post-thumbnail","7":"category-la-comarca","8":"category-sin-categorizar","9":"category-la-hoya","10":"category-la-semana-en-imagenes","11":"category-ocio-y-cultura","12":"category-pueblos-en-fiestas","13":"category-seccion","14":"category-ventana","15":"category-yatova"},"_links":{"self":[{"href":"https:\/\/www.tucomarca.com\/wordpress\/segunda\/wp-json\/wp\/v2\/posts\/47028","targetHints":{"allow":["GET"]}}],"collection":[{"href":"https:\/\/www.tucomarca.com\/wordpress\/segunda\/wp-json\/wp\/v2\/posts"}],"about":[{"href":"https:\/\/www.tucomarca.com\/wordpress\/segunda\/wp-json\/wp\/v2\/types\/post"}],"author":[{"embeddable":true,"href":"https:\/\/www.tucomarca.com\/wordpress\/segunda\/wp-json\/wp\/v2\/users\/1"}],"replies":[{"embeddable":true,"href":"https:\/\/www.tucomarca.com\/wordpress\/segunda\/wp-json\/wp\/v2\/comments?post=47028"}],"version-history":[{"count":0,"href":"https:\/\/www.tucomarca.com\/wordpress\/segunda\/wp-json\/wp\/v2\/posts\/47028\/revisions"}],"wp:featuredmedia":[{"embeddable":true,"href":"https:\/\/www.tucomarca.com\/wordpress\/segunda\/wp-json\/wp\/v2\/media\/47031"}],"wp:attachment":[{"href":"https:\/\/www.tucomarca.com\/wordpress\/segunda\/wp-json\/wp\/v2\/media?parent=47028"}],"wp:term":[{"taxonomy":"category","embeddable":true,"href":"https:\/\/www.tucomarca.com\/wordpress\/segunda\/wp-json\/wp\/v2\/categories?post=47028"},{"taxonomy":"post_tag","embeddable":true,"href":"https:\/\/www.tucomarca.com\/wordpress\/segunda\/wp-json\/wp\/v2\/tags?post=47028"}],"curies":[{"name":"wp","href":"https:\/\/api.w.org\/{rel}","templated":true}]}}