{"id":47045,"date":"2016-06-06T15:06:00","date_gmt":"2016-06-06T12:06:00","guid":{"rendered":"http:\/\/www.tucomarca.com\/wordpress\/segunda\/?p=47045"},"modified":"2016-06-06T15:06:00","modified_gmt":"2016-06-06T12:06:00","slug":"los-agricultores-de-requena-utiel-estan-bastante-preocupados-por-la-falta-de-continuidad-de-las-lluvias","status":"publish","type":"post","link":"https:\/\/www.tucomarca.com\/wordpress\/segunda\/los-agricultores-de-requena-utiel-estan-bastante-preocupados-por-la-falta-de-continuidad-de-las-lluvias\/","title":{"rendered":"Los agricultores de Requena-Utiel est\u00e1n bastante preocupados por la falta de continuidad de las lluvias"},"content":{"rendered":"<p>Agricultores de la comarca Requena-Utiel han afirmado que los cultivos agr\u00edcolas \u00abse van a resentir bastante durante el pr\u00f3ximo periodo estival si no se producen lluvias abundantes en las pr\u00f3ximas semanas\u201d.<\/p>\n<p>En la primera mitad del mes de mayo se registraron cantidades medias de agua de lluvia de unos 60 litros por metro cuadrado que aliviaron de forma temporal la necesidad de reservas h\u00eddricas que ten\u00edan los cultivos; pero las precipitaciones no tuvieron continuidad.<\/p>\n<p>Como consecuencia de esta situaci\u00f3n muchos viticultores aseguran que \u201cen muchas vides se est\u00e1 observando una ralentizaci\u00f3n en el crecimiento de su masa vegetal y este hecho tendr\u00e1 consecuencias muy negativas tanto para la producci\u00f3n de uvas de este a\u00f1o, como para el normal desarrollo de la vegetaci\u00f3n de las cepas\u201d.<\/p>\n<p>La zona de la comarca m\u00e1s afectada por la sequ\u00eda es el sudoeste del t\u00e9rmino municipal de Requena, donde la pluviometr\u00eda registrada en el actual a\u00f1o agr\u00edcola es la m\u00e1s escasa. Informa,\u00a0<strong>Luis Ib\u00e1\u00f1ez<\/strong>.<\/p>\n<p>&nbsp;<\/p>\n<p>&nbsp;<\/p>\n","protected":false},"excerpt":{"rendered":"<div class=\"mh-excerpt\">Agricultores de la comarca Requena-Utiel han afirmado que los cultivos agr\u00edcolas \u00abse van a resentir bastante durante el pr\u00f3ximo periodo estival si no se producen lluvias abundantes en las pr\u00f3ximas semanas\u201d. En la primera mitad <a class=\"mh-excerpt-more\" href=\"https:\/\/www.tucomarca.com\/wordpress\/segunda\/los-agricultores-de-requena-utiel-estan-bastante-preocupados-por-la-falta-de-continuidad-de-las-lluvias\/\" title=\"Los agricultores de Requena-Utiel est\u00e1n bastante preocupados por la falta de continuidad de las lluvias\">[+] <\/a><\/div>\n","protected":false},"author":1,"featured_media":0,"comment_status":"open","ping_status":"open","sticky":false,"template":"","format":"standard","meta":{"footnotes":""},"categories":[169,8,117,28,27,3,29],"tags":[],"class_list":{"0":"post-47045","1":"post","2":"type-post","3":"status-publish","4":"format-standard","6":"category-agricultura-la-comarca","7":"category-la-comarca","8":"category-medio-ambiente-la-comarca","9":"category-requena","10":"category-requena-utiel","11":"category-seccion","12":"category-utiel"},"_links":{"self":[{"href":"https:\/\/www.tucomarca.com\/wordpress\/segunda\/wp-json\/wp\/v2\/posts\/47045","targetHints":{"allow":["GET"]}}],"collection":[{"href":"https:\/\/www.tucomarca.com\/wordpress\/segunda\/wp-json\/wp\/v2\/posts"}],"about":[{"href":"https:\/\/www.tucomarca.com\/wordpress\/segunda\/wp-json\/wp\/v2\/types\/post"}],"author":[{"embeddable":true,"href":"https:\/\/www.tucomarca.com\/wordpress\/segunda\/wp-json\/wp\/v2\/users\/1"}],"replies":[{"embeddable":true,"href":"https:\/\/www.tucomarca.com\/wordpress\/segunda\/wp-json\/wp\/v2\/comments?post=47045"}],"version-history":[{"count":0,"href":"https:\/\/www.tucomarca.com\/wordpress\/segunda\/wp-json\/wp\/v2\/posts\/47045\/revisions"}],"wp:attachment":[{"href":"https:\/\/www.tucomarca.com\/wordpress\/segunda\/wp-json\/wp\/v2\/media?parent=47045"}],"wp:term":[{"taxonomy":"category","embeddable":true,"href":"https:\/\/www.tucomarca.com\/wordpress\/segunda\/wp-json\/wp\/v2\/categories?post=47045"},{"taxonomy":"post_tag","embeddable":true,"href":"https:\/\/www.tucomarca.com\/wordpress\/segunda\/wp-json\/wp\/v2\/tags?post=47045"}],"curies":[{"name":"wp","href":"https:\/\/api.w.org\/{rel}","templated":true}]}}