{"id":47218,"date":"2016-06-14T10:56:13","date_gmt":"2016-06-14T07:56:13","guid":{"rendered":"http:\/\/www.tucomarca.com\/wordpress\/segunda\/?p=47218"},"modified":"2016-06-14T10:56:13","modified_gmt":"2016-06-14T07:56:13","slug":"el-nuevo-circuito-de-triatlon-de-montana-tri-cros-valencia-realizara-dos-pruebas-en-navarres-y-benageber","status":"publish","type":"post","link":"https:\/\/www.tucomarca.com\/wordpress\/segunda\/el-nuevo-circuito-de-triatlon-de-montana-tri-cros-valencia-realizara-dos-pruebas-en-navarres-y-benageber\/","title":{"rendered":"El nuevo circuito de triatl\u00f3n de monta\u00f1a, Tri Cros Valencia, realizar\u00e1 dos pruebas en Navarr\u00e9s y Benag\u00e9ber"},"content":{"rendered":"<figure id=\"attachment_47220\" aria-describedby=\"caption-attachment-47220\" style=\"width: 300px\" class=\"wp-caption alignleft\"><a href=\"https:\/\/www.tucomarca.com\/wordpress\/segunda\/wp-content\/uploads\/2016\/06\/TriCrosValen.jpeg\"><img loading=\"lazy\" decoding=\"async\" class=\"size-medium wp-image-47220\" title=\"TriCrosValen\" src=\"https:\/\/www.tucomarca.com\/wordpress\/segunda\/wp-content\/uploads\/2016\/06\/TriCrosValen-300x204.jpg\" alt=\"Tri Cros Valencia se ha presentado al p\u00fablico en la Universidad Polit\u00e9cnica de Valencia.\" width=\"300\" height=\"204\" srcset=\"https:\/\/www.tucomarca.com\/wordpress\/segunda\/wp-content\/uploads\/2016\/06\/TriCrosValen-300x204.jpg 300w, https:\/\/www.tucomarca.com\/wordpress\/segunda\/wp-content\/uploads\/2016\/06\/TriCrosValen-1024x698.jpg 1024w, https:\/\/www.tucomarca.com\/wordpress\/segunda\/wp-content\/uploads\/2016\/06\/TriCrosValen.jpeg 1280w\" sizes=\"auto, (max-width: 300px) 100vw, 300px\" \/><\/a><figcaption id=\"caption-attachment-47220\" class=\"wp-caption-text\">Tri Cros Valencia se ha presentado al p\u00fablico en la Universidad Polit\u00e9cnica de Valencia.<\/figcaption><\/figure>\n<p>La provincia de Valencia cuenta desde ya con un nuevo circuito de triatl\u00f3n. <strong>TRI CROS VALENCIA<\/strong> nace con el objetivo de atraer a los triatletas de ruta hacia la monta\u00f1a y los pueblos de interior, para de esta forma atraer al turismo activo, as\u00ed como potenciar el deporte y el respeto por la naturaleza.<\/p>\n<p>Bajo la direcci\u00f3n de 3Direcciones \u2013organizadores del Circuito Trail Valencia-Cajamar, referencia en su categor\u00eda, y del exitoso Mamova\u2013 en colaboraci\u00f3n de la Federaci\u00f3n de Triatl\u00f3n de la Comunitat Valenciana, <strong>Tri Cros Valencia<\/strong> tendr\u00e1 este 2016 dos pruebas. La primera ser\u00e1 en Navarr\u00e9s el pr\u00f3ximo s\u00e1bado 18 de junio y la segunda en Benag\u00e9ber el 17 de septiembre. En 2017 comenzar\u00e1 el primer circuito como tal, que constar\u00e1 de cuatro pruebas que se celebrar\u00e1n en los meses de mayo, junio, septiembre y octubre.<\/p>\n<p>Todos ellos constar\u00e1n de un recorrido de 1.000 metros de nataci\u00f3n, entre 20 y 25 kil\u00f3metros de bicicleta (por caminos de monta\u00f1a) y entre 9 y 10 kil\u00f3metros de trail. En cada una de las citas habr\u00e1 modalidad individual (masculina y femenina) y por relevos (masculina, femenina y mixta).<\/p>\n<p><strong>Presentaci\u00f3n<\/strong><\/p>\n<p><strong>Tri Cros Valencia<\/strong> se present\u00f3 esta semana al p\u00fablico en la Universidad Polit\u00e9cnica de Valencia en un acto que cont\u00f3 con la presencia del director de 3Direcciones, Jes\u00fas Ruiz; el presidente de la Federaci\u00f3n de Triatl\u00f3n, Valeriano Moreno; el director de Marketing de la Real Federaci\u00f3n Espa\u00f1ola de Salvamento y Socorrismo, \u00d3scar Belda; la alcaldesa de Navarr\u00e9s, Estela Darocas; el alcalde de Benag\u00e9ber, Rafael Darijo; y C\u00e9sar Iribarren, director del M\u00e1ster de Gesti\u00f3n Deportiva de la Universidad Polit\u00e9cnica de Valencia.<\/p>\n<p>Durante la presentaci\u00f3n, Ruiz apunt\u00f3 que la meta es \u201cpotenciar las poblaciones de interior\u201d, as\u00ed como poner \u201cun granito de arena a la sostenibilidad de la pr\u00e1ctica de deportes en la naturaleza\u201d. Explic\u00f3 que se va a tratar de un triatl\u00f3n de monta\u00f1a \u201cde verdad\u201d, que se tendr\u00e1 que hacer con bicicleta de monta\u00f1a y la parte del trail, \u201cdonde somos especialistas\u201d, puntualiz\u00f3, \u201cno ser\u00e1 peligrosa, pero al igual que el segmento de ciclismo BTT s\u00ed duras\u201d.<\/p>\n<p>Adem\u00e1s, el director de Tri Cros Valencia hizo hincapi\u00e9 en el respeto por la naturaleza. \u201cQuien tire basura fuera del avituallamiento ser\u00e1 descalificado\u201d, advirti\u00f3, \u201cdebemos dejarlo todo m\u00e1s limpio que cuando llegamos y tratar de concienciar de la importancia de ser sostenibles\u201d.<\/p>\n<p>Por su parte, el presidente de la Federaci\u00f3n de Triatl\u00f3n se\u00f1al\u00f3 que desde la entidad \u201cvamos a apoyar el proyecto con todo lo que podamos porque creemos en \u00e9l\u201d, mientras que el representante de la de Salvamento incidi\u00f3 en la importancia de practicar el deporte con \u201cseguridad\u201d y dijo que \u201cno hay nada mejor que hacer deporte en la naturaleza y con respeto\u201d.<\/p>\n<p>Los representantes de los ayuntamientos anfitriones invitaron a todos a participar en la competici\u00f3n y destacaron la riqueza natural de sus pueblos. \u201cTenemos todo lo ideal para hacer un triatl\u00f3n y esperamos que sea todo un \u00e9xito\u201d, dijo Darocas, mientras que Darijo destac\u00f3 que hab\u00eda llegado el momento de \u201cdar un paso m\u00e1s\u201d en el III Tri Cros de Benag\u00e9ber y en su apuesta por los deportes de aventura.<\/p>\n<p>Para concluir, el Iribarren destac\u00f3 que Tri Cros Valencia contar\u00e1 con el apoyo del M\u00e1ster en Gesti\u00f3n de Empresas Deportivas. \u201cDa gusto ver c\u00f3mo se est\u00e1 moviendo el deporte y se est\u00e1 innovando, que es lo que nosotros promovemos\u201d, resalt\u00f3.<\/p>\n","protected":false},"excerpt":{"rendered":"<div class=\"mh-excerpt\">La provincia de Valencia cuenta desde ya con un nuevo circuito de triatl\u00f3n. TRI CROS VALENCIA nace con el objetivo de atraer a los triatletas de ruta hacia la monta\u00f1a y los pueblos de interior, <a class=\"mh-excerpt-more\" href=\"https:\/\/www.tucomarca.com\/wordpress\/segunda\/el-nuevo-circuito-de-triatlon-de-montana-tri-cros-valencia-realizara-dos-pruebas-en-navarres-y-benageber\/\" title=\"El nuevo circuito de triatl\u00f3n de monta\u00f1a, Tri Cros Valencia, realizar\u00e1 dos pruebas en Navarr\u00e9s y Benag\u00e9ber\">[+] <\/a><\/div>\n","protected":false},"author":1,"featured_media":47220,"comment_status":"open","ping_status":"open","sticky":false,"template":"","format":"standard","meta":{"footnotes":""},"categories":[98,141,6,70,59,270,3,45],"tags":[],"class_list":{"0":"post-47218","1":"post","2":"type-post","3":"status-publish","4":"format-standard","5":"has-post-thumbnail","7":"category-atletismo","8":"category-benageber","9":"category-deportes","10":"category-la-canal-de-navarres","11":"category-los-serranos","12":"category-navarres","13":"category-seccion","14":"category-ventana"},"_links":{"self":[{"href":"https:\/\/www.tucomarca.com\/wordpress\/segunda\/wp-json\/wp\/v2\/posts\/47218","targetHints":{"allow":["GET"]}}],"collection":[{"href":"https:\/\/www.tucomarca.com\/wordpress\/segunda\/wp-json\/wp\/v2\/posts"}],"about":[{"href":"https:\/\/www.tucomarca.com\/wordpress\/segunda\/wp-json\/wp\/v2\/types\/post"}],"author":[{"embeddable":true,"href":"https:\/\/www.tucomarca.com\/wordpress\/segunda\/wp-json\/wp\/v2\/users\/1"}],"replies":[{"embeddable":true,"href":"https:\/\/www.tucomarca.com\/wordpress\/segunda\/wp-json\/wp\/v2\/comments?post=47218"}],"version-history":[{"count":0,"href":"https:\/\/www.tucomarca.com\/wordpress\/segunda\/wp-json\/wp\/v2\/posts\/47218\/revisions"}],"wp:featuredmedia":[{"embeddable":true,"href":"https:\/\/www.tucomarca.com\/wordpress\/segunda\/wp-json\/wp\/v2\/media\/47220"}],"wp:attachment":[{"href":"https:\/\/www.tucomarca.com\/wordpress\/segunda\/wp-json\/wp\/v2\/media?parent=47218"}],"wp:term":[{"taxonomy":"category","embeddable":true,"href":"https:\/\/www.tucomarca.com\/wordpress\/segunda\/wp-json\/wp\/v2\/categories?post=47218"},{"taxonomy":"post_tag","embeddable":true,"href":"https:\/\/www.tucomarca.com\/wordpress\/segunda\/wp-json\/wp\/v2\/tags?post=47218"}],"curies":[{"name":"wp","href":"https:\/\/api.w.org\/{rel}","templated":true}]}}