{"id":47229,"date":"2016-06-14T10:55:37","date_gmt":"2016-06-14T07:55:37","guid":{"rendered":"http:\/\/www.tucomarca.com\/wordpress\/segunda\/?p=47229"},"modified":"2016-06-14T10:55:37","modified_gmt":"2016-06-14T07:55:37","slug":"miles-de-personas-participan-en-la-iberfesta-olocau-2016","status":"publish","type":"post","link":"https:\/\/www.tucomarca.com\/wordpress\/segunda\/miles-de-personas-participan-en-la-iberfesta-olocau-2016\/","title":{"rendered":"Miles de personas participan en la Iberfesta Olocau 2016"},"content":{"rendered":"<figure id=\"attachment_47230\" aria-describedby=\"caption-attachment-47230\" style=\"width: 300px\" class=\"wp-caption alignleft\"><a href=\"https:\/\/www.tucomarca.com\/wordpress\/segunda\/wp-content\/uploads\/2016\/06\/IberfiestaOlocau.jpg\"><img loading=\"lazy\" decoding=\"async\" class=\"size-medium wp-image-47230\" title=\"IberfiestaOlocau\" src=\"https:\/\/www.tucomarca.com\/wordpress\/segunda\/wp-content\/uploads\/2016\/06\/IberfiestaOlocau-300x168.jpg\" alt=\"Celebraci\u00f3n de la Iberfesta de 2016 en Olocau.\" width=\"300\" height=\"168\" srcset=\"https:\/\/www.tucomarca.com\/wordpress\/segunda\/wp-content\/uploads\/2016\/06\/IberfiestaOlocau-300x168.jpg 300w, https:\/\/www.tucomarca.com\/wordpress\/segunda\/wp-content\/uploads\/2016\/06\/IberfiestaOlocau-1024x575.jpg 1024w\" sizes=\"auto, (max-width: 300px) 100vw, 300px\" \/><\/a><figcaption id=\"caption-attachment-47230\" class=\"wp-caption-text\">Celebraci\u00f3n de la Iberfesta de 2016 en Olocau.<\/figcaption><\/figure>\n<p>Miles de personas han participado durante este fin de semana en la Iberfesta Olocau 2016, unas jornadas en torno al yacimiento del Puntal dels Llops y del patrimonio arqueol\u00f3gico valenciano de \u00e9poca ib\u00e9rica, en las que se han celebrado m\u00faltiples actividades, como la boda \u00edbera, visitas al yacimiento, la fireta dels ibers, la primera edici\u00f3n de la ruta de la tapa ibera, los talleres y la biblioteca infantil del Museu de Prehist\u00f2ria de Val\u00e8ncia.<\/p>\n<p>La boda de Besunin y Urkebas, amigos del h\u00e9roe local Nauiba fallecido en batalla el a\u00f1o pasado, se desarroll\u00f3 en tres actos a lo largo del fin de semana con la participaci\u00f3n de m\u00e1s de un centenar de vecinos de Olocau. El s\u00e1bado los ni\u00f1os del CRA Alt Carraixet y del col\u00b7legi Castell del Real de Marines danzaron para la novia y representaron una obra en la que Nauiba era el protagonista de una reflexi\u00f3n sobre los buenos h\u00e1bitos. Por la tarde las familias de los novios sellaron su compromiso y el domingo tuvo lugar un multitudinario desfile y un banquete nupcial.<\/p>\n<p>En la fireta participaron cincuenta puestos artesanales adem\u00e1s del Museu y los ayuntamientos de Ayora, Camporrobles, Caudete de las Fuentes, Ll\u00edria, Moixent y Villar del Arzobispo, que junto con Olocau forman parte de la Ruta dels Ibers.<\/p>\n<p>La ruta de la tapa ibera permiti\u00f3 a los visitantes disfrutar de una oferta gastron\u00f3mica inspirada en la cocina de \u00e9poca ib\u00e9rica y con el asesoramiento del servicio de visitas del Puntal dels Llops y el Museu.<\/p>\n<p>Adem\u00e1s, los visitantes disfrutaron de las visitas al Puntal dels Llops y a la exposici\u00f3n permanente sobre la cultura ib\u00e9rica y el yacimiento, la biblioteca infantil y los talleres organizados por el Museu sobre cer\u00e1mica ib\u00e9rica y sobre la cultura de la miel en la Casa de la Senyoria.<\/p>\n","protected":false},"excerpt":{"rendered":"<div class=\"mh-excerpt\">Miles de personas han participado durante este fin de semana en la Iberfesta Olocau 2016, unas jornadas en torno al yacimiento del Puntal dels Llops y del patrimonio arqueol\u00f3gico valenciano de \u00e9poca ib\u00e9rica, en las <a class=\"mh-excerpt-more\" href=\"https:\/\/www.tucomarca.com\/wordpress\/segunda\/miles-de-personas-participan-en-la-iberfesta-olocau-2016\/\" title=\"Miles de personas participan en la Iberfesta Olocau 2016\">[+] <\/a><\/div>\n","protected":false},"author":1,"featured_media":47230,"comment_status":"open","ping_status":"open","sticky":false,"template":"","format":"standard","meta":{"footnotes":""},"categories":[46,7,181,3,45],"tags":[],"class_list":{"0":"post-47229","1":"post","2":"type-post","3":"status-publish","4":"format-standard","5":"has-post-thumbnail","7":"category-camp-de-turia","8":"category-ocio-y-cultura","9":"category-olocau","10":"category-seccion","11":"category-ventana"},"_links":{"self":[{"href":"https:\/\/www.tucomarca.com\/wordpress\/segunda\/wp-json\/wp\/v2\/posts\/47229","targetHints":{"allow":["GET"]}}],"collection":[{"href":"https:\/\/www.tucomarca.com\/wordpress\/segunda\/wp-json\/wp\/v2\/posts"}],"about":[{"href":"https:\/\/www.tucomarca.com\/wordpress\/segunda\/wp-json\/wp\/v2\/types\/post"}],"author":[{"embeddable":true,"href":"https:\/\/www.tucomarca.com\/wordpress\/segunda\/wp-json\/wp\/v2\/users\/1"}],"replies":[{"embeddable":true,"href":"https:\/\/www.tucomarca.com\/wordpress\/segunda\/wp-json\/wp\/v2\/comments?post=47229"}],"version-history":[{"count":0,"href":"https:\/\/www.tucomarca.com\/wordpress\/segunda\/wp-json\/wp\/v2\/posts\/47229\/revisions"}],"wp:featuredmedia":[{"embeddable":true,"href":"https:\/\/www.tucomarca.com\/wordpress\/segunda\/wp-json\/wp\/v2\/media\/47230"}],"wp:attachment":[{"href":"https:\/\/www.tucomarca.com\/wordpress\/segunda\/wp-json\/wp\/v2\/media?parent=47229"}],"wp:term":[{"taxonomy":"category","embeddable":true,"href":"https:\/\/www.tucomarca.com\/wordpress\/segunda\/wp-json\/wp\/v2\/categories?post=47229"},{"taxonomy":"post_tag","embeddable":true,"href":"https:\/\/www.tucomarca.com\/wordpress\/segunda\/wp-json\/wp\/v2\/tags?post=47229"}],"curies":[{"name":"wp","href":"https:\/\/api.w.org\/{rel}","templated":true}]}}