{"id":47232,"date":"2016-06-14T10:53:22","date_gmt":"2016-06-14T07:53:22","guid":{"rendered":"http:\/\/www.tucomarca.com\/wordpress\/segunda\/?p=47232"},"modified":"2016-06-14T10:53:22","modified_gmt":"2016-06-14T07:53:22","slug":"el-ayuntamiento-de-requena-aconseja-no-consumir-agua-de-la-red-potable-debido-a-incidencias-en-su-calidad","status":"publish","type":"post","link":"https:\/\/www.tucomarca.com\/wordpress\/segunda\/el-ayuntamiento-de-requena-aconseja-no-consumir-agua-de-la-red-potable-debido-a-incidencias-en-su-calidad\/","title":{"rendered":"El Ayuntamiento de Requena aconseja no consumir agua de la red potable debido a incidencias en su calidad"},"content":{"rendered":"<p>Tal como han informado desde el ayuntamiento de Requena, \u00aben las \u00fatlimas horas se ha detectado turbidez en el agua de red de Requena.\u00a0De manera inmediata el Ayuntamiento ha contactado con la empresa EGEVASA solicitando una explicaci\u00f3n as\u00ed como una r\u00e1pida soluci\u00f3n al problema.\u00a0La empresa ha comunicado que ha detectado una incidencia en el Pozo 2 de Ca\u00f1ada Palletas, en el cual el descenso del nivel del agua provoca un arrastre de sedimentos\u00bb.<\/p>\n<p>\u00abAutom\u00e1ticamente se ha parado el suministro de este pozo, por lo que la red se abastece desde otro de los pozos\u00bb, han subrayado desde el consistorio local.<\/p>\n<p>\u00abYa se ha dado traslado a la autoridad sanitaria de la citada incidencia para que eval\u00fae la calidad del agua.\u00a0En cualquier caso desde el Ayuntamiento de Requena se han puesto en marcha todos los protocolos de actuaci\u00f3n estipulados en el <strong>RD 140\/2003,<\/strong> de 7 de febrero por el que se establecen los Criterios Sanitarios de la Calidad del Agua de Consumo Humano\u00bb.<\/p>\n<p>\u00abLa autoridad sanitaria es ahora la encargada de valorar la calificaci\u00f3n del agua.\u00a0Por el momento, hasta que la autoridad competente emita sus informes, se desaconseja el consumo humano de agua potable, siendo conscientes de que por el momento la autoridad sanitaria a\u00fan no ha emitido informes contrarios a dicho uso\u00bb, han finalizado desde el Ayuntamiento.<\/p>\n","protected":false},"excerpt":{"rendered":"<div class=\"mh-excerpt\">Tal como han informado desde el ayuntamiento de Requena, \u00aben las \u00fatlimas horas se ha detectado turbidez en el agua de red de Requena.\u00a0De manera inmediata el Ayuntamiento ha contactado con la empresa EGEVASA solicitando <a class=\"mh-excerpt-more\" href=\"https:\/\/www.tucomarca.com\/wordpress\/segunda\/el-ayuntamiento-de-requena-aconseja-no-consumir-agua-de-la-red-potable-debido-a-incidencias-en-su-calidad\/\" title=\"El Ayuntamiento de Requena aconseja no consumir agua de la red potable debido a incidencias en su calidad\">[+] <\/a><\/div>\n","protected":false},"author":1,"featured_media":0,"comment_status":"open","ping_status":"open","sticky":false,"template":"","format":"standard","meta":{"footnotes":""},"categories":[8,28,27,3,116],"tags":[],"class_list":{"0":"post-47232","1":"post","2":"type-post","3":"status-publish","4":"format-standard","6":"category-la-comarca","7":"category-requena","8":"category-requena-utiel","9":"category-seccion","10":"category-sucesos-la-comarca"},"_links":{"self":[{"href":"https:\/\/www.tucomarca.com\/wordpress\/segunda\/wp-json\/wp\/v2\/posts\/47232","targetHints":{"allow":["GET"]}}],"collection":[{"href":"https:\/\/www.tucomarca.com\/wordpress\/segunda\/wp-json\/wp\/v2\/posts"}],"about":[{"href":"https:\/\/www.tucomarca.com\/wordpress\/segunda\/wp-json\/wp\/v2\/types\/post"}],"author":[{"embeddable":true,"href":"https:\/\/www.tucomarca.com\/wordpress\/segunda\/wp-json\/wp\/v2\/users\/1"}],"replies":[{"embeddable":true,"href":"https:\/\/www.tucomarca.com\/wordpress\/segunda\/wp-json\/wp\/v2\/comments?post=47232"}],"version-history":[{"count":0,"href":"https:\/\/www.tucomarca.com\/wordpress\/segunda\/wp-json\/wp\/v2\/posts\/47232\/revisions"}],"wp:attachment":[{"href":"https:\/\/www.tucomarca.com\/wordpress\/segunda\/wp-json\/wp\/v2\/media?parent=47232"}],"wp:term":[{"taxonomy":"category","embeddable":true,"href":"https:\/\/www.tucomarca.com\/wordpress\/segunda\/wp-json\/wp\/v2\/categories?post=47232"},{"taxonomy":"post_tag","embeddable":true,"href":"https:\/\/www.tucomarca.com\/wordpress\/segunda\/wp-json\/wp\/v2\/tags?post=47232"}],"curies":[{"name":"wp","href":"https:\/\/api.w.org\/{rel}","templated":true}]}}