{"id":47322,"date":"2016-06-18T12:10:41","date_gmt":"2016-06-18T09:10:41","guid":{"rendered":"http:\/\/www.tucomarca.com\/wordpress\/segunda\/?p=47322"},"modified":"2016-06-18T12:15:41","modified_gmt":"2016-06-18T09:15:41","slug":"la-asamblea-elige-a-consu-saez-balaguer-como-nueva-presidenta-del-cd-cheste","status":"publish","type":"post","link":"https:\/\/www.tucomarca.com\/wordpress\/segunda\/la-asamblea-elige-a-consu-saez-balaguer-como-nueva-presidenta-del-cd-cheste\/","title":{"rendered":"La Asamblea elige a Consu S\u00e1ez Balaguer como nueva presidenta del CD Cheste"},"content":{"rendered":"<figure id=\"attachment_47430\" aria-describedby=\"caption-attachment-47430\" style=\"width: 224px\" class=\"wp-caption alignleft\"><a href=\"https:\/\/www.tucomarca.com\/wordpress\/segunda\/wp-content\/uploads\/2016\/06\/presidentacheste.jpg\"><img loading=\"lazy\" decoding=\"async\" class=\"size-medium wp-image-47430\" title=\"presidentacheste\" src=\"https:\/\/www.tucomarca.com\/wordpress\/segunda\/wp-content\/uploads\/2016\/06\/presidentacheste-224x300.jpg\" alt=\"La nueva presidenta del CD Cheste, Consu S\u00e1ez.\" width=\"224\" height=\"300\" \/><\/a><figcaption id=\"caption-attachment-47430\" class=\"wp-caption-text\">La nueva presidenta del CD Cheste, Consu S\u00e1ez.<\/figcaption><\/figure>\n<p>El CD Cheste ha celebrado este jueves una Asamblea extraordinaria para ratificar la nueva junta directiva y a su nuevo presidente, aunque en este caso ser\u00e1 presidenta ya que por primera vez en la historia del club ser\u00e1 una mujer, se trata de Consu Saez Balaguer que despu\u00e9s de varios a\u00f1os formando parte de la junta directiva se ha animado a dar el paso de acceder a la presidencia, y ser\u00e1 acompa\u00f1ada en la directiva con cinco directivos que tambi\u00e9n pertenecieron a la anterior directiva.<\/p>\n<p>A partir de hoy comienza oficialmente a rodar el CD Cheste 2016-17 y la directiva ya est\u00e1 trabajando muy duro para anunciar a los entrenadores de los\u00a0 equipos de Regional Preferente y del juvenil que en esta nueva temporada y tras conseguir el ascenso tambi\u00e9n estar\u00e1 en la categor\u00eda Juvenil Preferente. En los pr\u00f3ximos d\u00edas podremos adelantar los nombres de los entrenadores, ya que pr\u00e1cticamente est\u00e1n cerrados ambos aunque todav\u00eda faltan unos peque\u00f1os flecos por resolver, ya est\u00e1n trabajando en la confecci\u00f3n de la nueva plantilla, que ser\u00e1 muy diferente a la del a\u00f1o pasado ya que la mayor\u00eda de los jugadores han decidido emprender una nueva aventura en otros equipos, todos ellos del grupo segundo y que ser\u00e1n rivales del CD Cheste en la temporada 2016\/17. Informa. <strong>Chimo Mir<\/strong>.<\/p>\n","protected":false},"excerpt":{"rendered":"<div class=\"mh-excerpt\">El CD Cheste ha celebrado este jueves una Asamblea extraordinaria para ratificar la nueva junta directiva y a su nuevo presidente, aunque en este caso ser\u00e1 presidenta ya que por primera vez en la historia <a class=\"mh-excerpt-more\" href=\"https:\/\/www.tucomarca.com\/wordpress\/segunda\/la-asamblea-elige-a-consu-saez-balaguer-como-nueva-presidenta-del-cd-cheste\/\" title=\"La Asamblea elige a Consu S\u00e1ez Balaguer como nueva presidenta del CD Cheste\">[+] <\/a><\/div>\n","protected":false},"author":1,"featured_media":47430,"comment_status":"open","ping_status":"open","sticky":false,"template":"","format":"standard","meta":{"footnotes":""},"categories":[50,17,6,10,3],"tags":[],"class_list":{"0":"post-47322","1":"post","2":"type-post","3":"status-publish","4":"format-standard","5":"has-post-thumbnail","7":"category-futbol-deportes","8":"category-cheste","9":"category-deportes","10":"category-la-hoya","11":"category-seccion"},"_links":{"self":[{"href":"https:\/\/www.tucomarca.com\/wordpress\/segunda\/wp-json\/wp\/v2\/posts\/47322","targetHints":{"allow":["GET"]}}],"collection":[{"href":"https:\/\/www.tucomarca.com\/wordpress\/segunda\/wp-json\/wp\/v2\/posts"}],"about":[{"href":"https:\/\/www.tucomarca.com\/wordpress\/segunda\/wp-json\/wp\/v2\/types\/post"}],"author":[{"embeddable":true,"href":"https:\/\/www.tucomarca.com\/wordpress\/segunda\/wp-json\/wp\/v2\/users\/1"}],"replies":[{"embeddable":true,"href":"https:\/\/www.tucomarca.com\/wordpress\/segunda\/wp-json\/wp\/v2\/comments?post=47322"}],"version-history":[{"count":0,"href":"https:\/\/www.tucomarca.com\/wordpress\/segunda\/wp-json\/wp\/v2\/posts\/47322\/revisions"}],"wp:featuredmedia":[{"embeddable":true,"href":"https:\/\/www.tucomarca.com\/wordpress\/segunda\/wp-json\/wp\/v2\/media\/47430"}],"wp:attachment":[{"href":"https:\/\/www.tucomarca.com\/wordpress\/segunda\/wp-json\/wp\/v2\/media?parent=47322"}],"wp:term":[{"taxonomy":"category","embeddable":true,"href":"https:\/\/www.tucomarca.com\/wordpress\/segunda\/wp-json\/wp\/v2\/categories?post=47322"},{"taxonomy":"post_tag","embeddable":true,"href":"https:\/\/www.tucomarca.com\/wordpress\/segunda\/wp-json\/wp\/v2\/tags?post=47322"}],"curies":[{"name":"wp","href":"https:\/\/api.w.org\/{rel}","templated":true}]}}