{"id":47361,"date":"2016-06-18T12:13:37","date_gmt":"2016-06-18T09:13:37","guid":{"rendered":"http:\/\/www.tucomarca.com\/wordpress\/segunda\/?p=47361"},"modified":"2016-06-18T12:13:37","modified_gmt":"2016-06-18T09:13:37","slug":"el-psoe-de-chiva-acusa-a-aduc-de-manipular-e-intentar-influir-en-la-dimision-de-uno-de-sus-concejales","status":"publish","type":"post","link":"https:\/\/www.tucomarca.com\/wordpress\/segunda\/el-psoe-de-chiva-acusa-a-aduc-de-manipular-e-intentar-influir-en-la-dimision-de-uno-de-sus-concejales\/","title":{"rendered":"El PSOE de Chiva acusa a Aduc de \u00abmanipular e intentar influir\u00bb en la dimisi\u00f3n de uno de sus concejales"},"content":{"rendered":"<figure id=\"attachment_40760\" aria-describedby=\"caption-attachment-40760\" style=\"width: 200px\" class=\"wp-caption alignleft\"><a href=\"https:\/\/www.tucomarca.com\/wordpress\/segunda\/wp-content\/uploads\/2015\/10\/chiva_psoe.jpg\"><img loading=\"lazy\" decoding=\"async\" class=\"size-medium wp-image-40760\" title=\"chiva_psoe\" src=\"https:\/\/www.tucomarca.com\/wordpress\/segunda\/wp-content\/uploads\/2015\/10\/chiva_psoe-200x300.jpg\" alt=\"La portavoz del PSOE en el plenario de Chiva, Yolanda Mart\u00ednez.\" width=\"200\" height=\"300\" srcset=\"https:\/\/www.tucomarca.com\/wordpress\/segunda\/wp-content\/uploads\/2015\/10\/chiva_psoe-200x300.jpg 200w, https:\/\/www.tucomarca.com\/wordpress\/segunda\/wp-content\/uploads\/2015\/10\/chiva_psoe.jpg 267w\" sizes=\"auto, (max-width: 200px) 100vw, 200px\" \/><\/a><figcaption id=\"caption-attachment-40760\" class=\"wp-caption-text\">Yolanda Mart\u00ednez. tc.c<\/figcaption><\/figure>\n<p>Tal como han transmitido desde el PSPV-PSOE de Chiva, y \u00abante las noticias aparecidas durante el d\u00eda de hoy en un medio de comunicaci\u00f3n y reproducida por diferentes canales a lo largo de la ma\u00f1ana, el Psoe de Chiva quiere remarcar los siguientes puntos:<\/p>\n<ol>\n<li>Ni los miembros del Grupo Municipal Socialista, ni ning\u00fan miembro de nuestra ejecutiva, ha mantenido contacto alguno con responsables locales de Ciudadanos, Aduc o PP para facilitar o fomentar una moci\u00f3n de censura en nuestro municipio. Del mismo modo, resulta evidente, que estas supuestas negociaciones, tampoco se han mantenido en niveles superiores de nuestro partido. Por lo cual, NEGAMOS CATEG\u00d3RICAMENTE QUE EXISTA VOLUNTAD DE REALIZAR DICHA MOCI\u00d3N DE CENSURA, tal y como insiste en se\u00f1alar el art\u00edculo publicado hoy.<\/li>\n<li>Ante las declaraciones aparecidas en prensa, tanto el concejal Socialista Salvador Mart\u00ednez, como el PSOE de Chiva, DENUNCIAMOS:<\/li>\n<\/ol>\n<p>Que se trata de DECLARACIONES SESGADAS Y TUTELADAS por el concejal de Aduc quien va sugiriendo temas bajo supuestos a nuestro concejal, intentando crear un entorno del que luego poder extraer una conversaci\u00f3n con la que implicase a nuestro concejal en una supuesta negociaci\u00f3n.<\/p>\n<p>Es m\u00e1s, debemos recordar que se trata de unas CONVERSACIONES MANIPULADAS que pretend\u00edan llevar a un escenario con el que chantajear al Concejal Socialista para pedir su dimisi\u00f3n.<\/p>\n<p>3-, Por \u00faltimo, queremos DENUNCIAR LA MANIPULACI\u00d3N que ejerce el concejal de Aduc en todo este episodio, al conducir la conversaci\u00f3n a escenarlios hipot\u00e9ticos para \u201ccazar\u201d al Concejal Socialista, consciente de que lo est\u00e1 grabando. \u201cCaza\u201d que casualmente resulta ser el t\u00e9rmino que emplea el alcalde Emilio Morales- de Comprom\u00eds durante su visita a Carboneras (Almer\u00eda) para consumar la trama. Los socialistas queremos DENUNCIAR LA MANIPULACI\u00d3N y el INTENTO DE INFLUIR EN LA voluntad de las personas mediante el uso de t\u00e9cnicas que jam\u00e1s se hab\u00edan conocido en Chiva y que, cabe recordar, se encuentran investigando en los juzgados pertinentes\u00bb, tal como han finalizado desde el PSOE chivano en su comunicado.<\/p>\n<p>&nbsp;<\/p>\n","protected":false},"excerpt":{"rendered":"<div class=\"mh-excerpt\">Tal como han transmitido desde el PSPV-PSOE de Chiva, y \u00abante las noticias aparecidas durante el d\u00eda de hoy en un medio de comunicaci\u00f3n y reproducida por diferentes canales a lo largo de la ma\u00f1ana, <a class=\"mh-excerpt-more\" href=\"https:\/\/www.tucomarca.com\/wordpress\/segunda\/el-psoe-de-chiva-acusa-a-aduc-de-manipular-e-intentar-influir-en-la-dimision-de-uno-de-sus-concejales\/\" title=\"El PSOE de Chiva acusa a Aduc de \u00abmanipular e intentar influir\u00bb en la dimisi\u00f3n de uno de sus concejales\">[+] <\/a><\/div>\n","protected":false},"author":1,"featured_media":40760,"comment_status":"open","ping_status":"open","sticky":false,"template":"","format":"standard","meta":{"footnotes":""},"categories":[16,8,72,10,142,3],"tags":[],"class_list":{"0":"post-47361","1":"post","2":"type-post","3":"status-publish","4":"format-standard","5":"has-post-thumbnail","7":"category-chiva","8":"category-la-comarca","9":"category-sin-categorizar","10":"category-la-hoya","11":"category-politica-la-comarca","12":"category-seccion"},"_links":{"self":[{"href":"https:\/\/www.tucomarca.com\/wordpress\/segunda\/wp-json\/wp\/v2\/posts\/47361","targetHints":{"allow":["GET"]}}],"collection":[{"href":"https:\/\/www.tucomarca.com\/wordpress\/segunda\/wp-json\/wp\/v2\/posts"}],"about":[{"href":"https:\/\/www.tucomarca.com\/wordpress\/segunda\/wp-json\/wp\/v2\/types\/post"}],"author":[{"embeddable":true,"href":"https:\/\/www.tucomarca.com\/wordpress\/segunda\/wp-json\/wp\/v2\/users\/1"}],"replies":[{"embeddable":true,"href":"https:\/\/www.tucomarca.com\/wordpress\/segunda\/wp-json\/wp\/v2\/comments?post=47361"}],"version-history":[{"count":0,"href":"https:\/\/www.tucomarca.com\/wordpress\/segunda\/wp-json\/wp\/v2\/posts\/47361\/revisions"}],"wp:featuredmedia":[{"embeddable":true,"href":"https:\/\/www.tucomarca.com\/wordpress\/segunda\/wp-json\/wp\/v2\/media\/40760"}],"wp:attachment":[{"href":"https:\/\/www.tucomarca.com\/wordpress\/segunda\/wp-json\/wp\/v2\/media?parent=47361"}],"wp:term":[{"taxonomy":"category","embeddable":true,"href":"https:\/\/www.tucomarca.com\/wordpress\/segunda\/wp-json\/wp\/v2\/categories?post=47361"},{"taxonomy":"post_tag","embeddable":true,"href":"https:\/\/www.tucomarca.com\/wordpress\/segunda\/wp-json\/wp\/v2\/tags?post=47361"}],"curies":[{"name":"wp","href":"https:\/\/api.w.org\/{rel}","templated":true}]}}