{"id":47418,"date":"2016-06-18T12:25:35","date_gmt":"2016-06-18T09:25:35","guid":{"rendered":"http:\/\/www.tucomarca.com\/wordpress\/segunda\/?p=47418"},"modified":"2016-06-18T12:25:35","modified_gmt":"2016-06-18T09:25:35","slug":"un-piromano-provoca-cinco-incendios-en-riba-roja-que-se-quedan-a-100-metros-de-900-viviendas","status":"publish","type":"post","link":"https:\/\/www.tucomarca.com\/wordpress\/segunda\/un-piromano-provoca-cinco-incendios-en-riba-roja-que-se-quedan-a-100-metros-de-900-viviendas\/","title":{"rendered":"Un pir\u00f3mano provoca cinco incendios en Riba-roja que se quedan a 100 metros de 900 viviendas"},"content":{"rendered":"<p><strong> <\/strong><\/p>\n<figure id=\"attachment_47420\" aria-describedby=\"caption-attachment-47420\" style=\"width: 225px\" class=\"wp-caption alignleft\"><a href=\"https:\/\/www.tucomarca.com\/wordpress\/segunda\/wp-content\/uploads\/2016\/06\/Riba-roja.jpg\"><img loading=\"lazy\" decoding=\"async\" class=\"size-medium wp-image-47420\" title=\"Riba-roja\" src=\"https:\/\/www.tucomarca.com\/wordpress\/segunda\/wp-content\/uploads\/2016\/06\/Riba-roja-225x300.jpg\" alt=\"Una imagen de los trabajos contra el fuego desarrollados en Riba-roja.\" width=\"225\" height=\"300\" \/><\/a><figcaption id=\"caption-attachment-47420\" class=\"wp-caption-text\">Una imagen de los trabajos contra el fuego desarrollados en Riba-roja.<\/figcaption><\/figure>\n<p>Un pir\u00f3mano ha provocado 5 incendios en diferentes zonas de Riba-roja de T\u00faria durante la pasada madrugada y ha estado a punto de producir una aut\u00e9ntica tragedia ya que el fuego se ha quedado a tan solo 100 metros de la urbanizaci\u00f3n Masia de Traver, junto al margen derecho del r\u00edo T\u00faria, donde existen alrededor de 900 viviendas. Un dispositivo policial -formado por la Guardia Civil y la polic\u00eda local- busca al pir\u00f3mano que, al parecer, se podr\u00eda haber trasladado de un lugar a otro en bicicleta aprovechando el cauce del r\u00edo ya que los cinco incendios se produjeron con s\u00f3lo media hora de diferencia.<\/p>\n<p>El primero de los fuegos se inici\u00f3 alrededor de las 3 de la madrugada en una zona cercana a la urbanizaci\u00f3n Mas d&#8217;Escoto, en el margen derecho de la salida de la carretera hacia Vilamarxant, en pleno parque natural del T\u00faria donde ha ardido vegetaci\u00f3n y ca\u00f1ares y se ha quedado a poca distancia de los poco m\u00e1s de 100 chal\u00e9s que existen en este emplazamiento.<\/p>\n<p>La r\u00e1pida intervenci\u00f3n de los efectivos del parque de bomberos de Olocau, l&#8217;Eliana y San Antonio de Benag\u00e9ber ha evitado mayores desgracias -al margen del da\u00f1o material sobre la vegetaci\u00f3n- ya que han sofocado el incendio en pocas horas.<\/p>\n<p>Sin embargo, mientras la atenci\u00f3n se centraba en el Mas d&#8217;Escoto a 3 kil\u00f3metros de distancia en l\u00ednea recta saltaban hasta cuatro focos m\u00e1s de incendios en una zona cercana a la urbanizaci\u00f3n Masia de Traver donde la falta de limpieza en el barranco de la Pedrera -reivindicaci\u00f3n repetidamente reclamada por el ayuntamiento a la Confederaci\u00f3n Hidrogr\u00e1fica del X\u00faquer- ha estado a punto de provocar una desgracia ya que en este \u00e1rea existe una de las mayores concentraciones de poblaci\u00f3n con m\u00e1s de 900 viviendas.<\/p>\n<p>La intervenci\u00f3n de los efectivos de bomberos y polic\u00eda ha impedido que se pudiese propagar a algunas otras zonas como el parque de la Vallesa -pulm\u00f3n verde del \u00e1rea de l&#8217;Horta Sud-, el Pous de Mart\u00ed y la urbanizaci\u00f3n de Valencia la Vella, \u00e1reas todas ellas con gran densidad poblacional.<\/p>\n<p>El ingente trabajo de los bomberos se ha prolongado desde las 3 de la madrugada hasta pasadas las 7 de la ma\u00f1ana de hoy s\u00e1bado cuando se han terminado de sofocar los \u00faltimos rescoldos del fuego provocado al tiempo que varias brigadas se han quedado en las inmediaciones de la zona para evitar que en alg\u00fan momento pudiesen reavivar las llamas y prolongarse por las \u00e1reas adyacentes.<\/p>\n<p>El alcalde de Riba-roja de T\u00faria, Robert Raga, ha subrayado <em>\u00abel gran trabajo de los bomberos y los cuerpos policiales que han evitado que el fuego pudiese afectar a las viviendas ya que el responsable de estos incendios pretend\u00eda crear una gran desgracia en nuestra localidad; cabe destacar la gran coordinaci\u00f3n entre todos los efectivos que han participado en las labores de extinci\u00f3n ya que mientras se estaba apagando un fuego se han producido nuevo focos en otras \u00e1reas distintas\u00bb.<\/em><\/p>\n<p>Raga ha a\u00f1adido que el Ayuntamiento de Riba-roja ha reclamado a las distintas administraciones provincial y auton\u00f3mica <em>\u00abla instalaci\u00f3n de un puesto permanente de efectivos en el parque natural del r\u00edo T\u00faria para que puedan controlar con mayor agilidad este entorno privilegiado que tanta riqueza vegetal y faun\u00edstica posee en toda su extensi\u00f3n; los trabajos que en su momento las brigadas de la Diputaci\u00f3n realizaron en el desbroce de ca\u00f1ares ha resultado decisivo para que el fuego no haya resultado m\u00e1s devastador\u00bb.<\/em><\/p>\n","protected":false},"excerpt":{"rendered":"<div class=\"mh-excerpt\">Un pir\u00f3mano ha provocado 5 incendios en diferentes zonas de Riba-roja de T\u00faria durante la pasada madrugada y ha estado a punto de producir una aut\u00e9ntica tragedia ya que el fuego se ha quedado a <a class=\"mh-excerpt-more\" href=\"https:\/\/www.tucomarca.com\/wordpress\/segunda\/un-piromano-provoca-cinco-incendios-en-riba-roja-que-se-quedan-a-100-metros-de-900-viviendas\/\" title=\"Un pir\u00f3mano provoca cinco incendios en Riba-roja que se quedan a 100 metros de 900 viviendas\">[+] <\/a><\/div>\n","protected":false},"author":1,"featured_media":47420,"comment_status":"open","ping_status":"open","sticky":false,"template":"","format":"standard","meta":{"footnotes":""},"categories":[169,46,8,117,182,3,116,45],"tags":[1302,212],"class_list":{"0":"post-47418","1":"post","2":"type-post","3":"status-publish","4":"format-standard","5":"has-post-thumbnail","7":"category-agricultura-la-comarca","8":"category-camp-de-turia","9":"category-la-comarca","10":"category-medio-ambiente-la-comarca","11":"category-riba-roja","12":"category-seccion","13":"category-sucesos-la-comarca","14":"category-ventana","15":"tag-forestal","16":"tag-incendio"},"_links":{"self":[{"href":"https:\/\/www.tucomarca.com\/wordpress\/segunda\/wp-json\/wp\/v2\/posts\/47418","targetHints":{"allow":["GET"]}}],"collection":[{"href":"https:\/\/www.tucomarca.com\/wordpress\/segunda\/wp-json\/wp\/v2\/posts"}],"about":[{"href":"https:\/\/www.tucomarca.com\/wordpress\/segunda\/wp-json\/wp\/v2\/types\/post"}],"author":[{"embeddable":true,"href":"https:\/\/www.tucomarca.com\/wordpress\/segunda\/wp-json\/wp\/v2\/users\/1"}],"replies":[{"embeddable":true,"href":"https:\/\/www.tucomarca.com\/wordpress\/segunda\/wp-json\/wp\/v2\/comments?post=47418"}],"version-history":[{"count":0,"href":"https:\/\/www.tucomarca.com\/wordpress\/segunda\/wp-json\/wp\/v2\/posts\/47418\/revisions"}],"wp:featuredmedia":[{"embeddable":true,"href":"https:\/\/www.tucomarca.com\/wordpress\/segunda\/wp-json\/wp\/v2\/media\/47420"}],"wp:attachment":[{"href":"https:\/\/www.tucomarca.com\/wordpress\/segunda\/wp-json\/wp\/v2\/media?parent=47418"}],"wp:term":[{"taxonomy":"category","embeddable":true,"href":"https:\/\/www.tucomarca.com\/wordpress\/segunda\/wp-json\/wp\/v2\/categories?post=47418"},{"taxonomy":"post_tag","embeddable":true,"href":"https:\/\/www.tucomarca.com\/wordpress\/segunda\/wp-json\/wp\/v2\/tags?post=47418"}],"curies":[{"name":"wp","href":"https:\/\/api.w.org\/{rel}","templated":true}]}}