{"id":47456,"date":"2016-06-20T17:50:23","date_gmt":"2016-06-20T14:50:23","guid":{"rendered":"http:\/\/www.tucomarca.com\/wordpress\/segunda\/?p=47456"},"modified":"2016-06-20T17:50:23","modified_gmt":"2016-06-20T14:50:23","slug":"el-paseo-del-merito-de-pago-de-tarsys-suma-tres-nuevas-placas","status":"publish","type":"post","link":"https:\/\/www.tucomarca.com\/wordpress\/segunda\/el-paseo-del-merito-de-pago-de-tarsys-suma-tres-nuevas-placas\/","title":{"rendered":"El Paseo del M\u00e9rito de Pago de Tarsys suma tres nuevas placas"},"content":{"rendered":"<p>En una ma\u00f1ana soleada con un suave viento de poniente y ante un p\u00fablico numeroso la bodega Pago de Tharsys, ubicada cerca de Requena, celebr\u00f3 la sexta edici\u00f3n de su Paseo del M\u00e9rito 2016.<\/p>\n<p>En esta ocasi\u00f3n los galardonados han sido: Jose Remoh\u00ed y \u00a0Antonio Pellicer, catedr\u00e1ticos de obstetricia y ginecolog\u00eda de la Universidad de Valencia y \u00a0fundadores del IVI. Tambi\u00e9n el equipo Makers UPV de la Universitat Polit\u00e9cnica de Valencia compuesto por el profesor Vicente Dolz y los estudiantes \u00a0Daniel Orient, Germ\u00e1n Torres, David Pistoni, Juan Vic\u00f3n y\u00a0 \u00c1ngel Benedicto.\u00a0Pablo Rodr\u00edguez, ingeniero de telecomunicaciones y doctor en inform\u00e1tica por el Polit\u00e9cnico Federal de Lausana Experto internacional en el mundo de Internet fue otro de los galardonados por la bodega requenense.<\/p>\n<p>El acto fue clausurado por la Secretaria Auton\u00f3mica de Econom\u00eda \u00a0Sostenible, Sectores Productivos, Comercio y Trabajo, Mar\u00eda Jos\u00e9 Mira.\u00a0Desde que se inici\u00f3 el Paseo M\u00e9rito se han colocado en el 13 placas dedicadas a personas destacadas en las labores de investigaci\u00f3n, ciencia y tecnolog\u00eda .<\/p>\n<p>El Paseo del M\u00e9rito \u00a0naci\u00e9 en el a\u00f1o 2011 como un enclave donde rendir homenaje a aquellas personas que \u00a0destacan por su contribuci\u00f3n al desarrollo cient\u00edfico \u00a0y sociocultural. El encargado de inaugurar esta iniciativa fue el \u00a0profesor \u00a0Santiago Grisol\u00eda. La siguiente convocatoria recibi\u00f3 a los doctores \u00a0Jos\u00e9 Mir, Pilar Mateo y \u00a0Celia S\u00e1nchez-Ramos y el a\u00f1o 2013 se sumaba a la iniciativa la cient\u00edfica Margarita Salas.<\/p>\n<p>En 2014 se incorporaban la \u00a0psic\u00f3loga Manuela Romo Santos y el matem\u00e1tico Oscar Garc\u00eda Prada y el a\u00f1o pasado la cantante Angeles L\u00f3pez Artiga, el investigador Avelino Corma Can\u00e1s y el historiador \u00a0Joseph P\u00e9rez. Informa, <strong>Luis Ib\u00e1\u00f1ez<\/strong>.<\/p>\n","protected":false},"excerpt":{"rendered":"<div class=\"mh-excerpt\">En una ma\u00f1ana soleada con un suave viento de poniente y ante un p\u00fablico numeroso la bodega Pago de Tharsys, ubicada cerca de Requena, celebr\u00f3 la sexta edici\u00f3n de su Paseo del M\u00e9rito 2016. En <a class=\"mh-excerpt-more\" href=\"https:\/\/www.tucomarca.com\/wordpress\/segunda\/el-paseo-del-merito-de-pago-de-tarsys-suma-tres-nuevas-placas\/\" title=\"El Paseo del M\u00e9rito de Pago de Tarsys suma tres nuevas placas\">[+] <\/a><\/div>\n","protected":false},"author":1,"featured_media":0,"comment_status":"open","ping_status":"open","sticky":false,"template":"","format":"standard","meta":{"footnotes":""},"categories":[113,72,7,28,27,3,29],"tags":[],"class_list":{"0":"post-47456","1":"post","2":"type-post","3":"status-publish","4":"format-standard","6":"category-vinos","7":"category-sin-categorizar","8":"category-ocio-y-cultura","9":"category-requena","10":"category-requena-utiel","11":"category-seccion","12":"category-utiel"},"_links":{"self":[{"href":"https:\/\/www.tucomarca.com\/wordpress\/segunda\/wp-json\/wp\/v2\/posts\/47456","targetHints":{"allow":["GET"]}}],"collection":[{"href":"https:\/\/www.tucomarca.com\/wordpress\/segunda\/wp-json\/wp\/v2\/posts"}],"about":[{"href":"https:\/\/www.tucomarca.com\/wordpress\/segunda\/wp-json\/wp\/v2\/types\/post"}],"author":[{"embeddable":true,"href":"https:\/\/www.tucomarca.com\/wordpress\/segunda\/wp-json\/wp\/v2\/users\/1"}],"replies":[{"embeddable":true,"href":"https:\/\/www.tucomarca.com\/wordpress\/segunda\/wp-json\/wp\/v2\/comments?post=47456"}],"version-history":[{"count":0,"href":"https:\/\/www.tucomarca.com\/wordpress\/segunda\/wp-json\/wp\/v2\/posts\/47456\/revisions"}],"wp:attachment":[{"href":"https:\/\/www.tucomarca.com\/wordpress\/segunda\/wp-json\/wp\/v2\/media?parent=47456"}],"wp:term":[{"taxonomy":"category","embeddable":true,"href":"https:\/\/www.tucomarca.com\/wordpress\/segunda\/wp-json\/wp\/v2\/categories?post=47456"},{"taxonomy":"post_tag","embeddable":true,"href":"https:\/\/www.tucomarca.com\/wordpress\/segunda\/wp-json\/wp\/v2\/tags?post=47456"}],"curies":[{"name":"wp","href":"https:\/\/api.w.org\/{rel}","templated":true}]}}