{"id":4768,"date":"2012-07-01T17:33:37","date_gmt":"2012-07-01T15:33:37","guid":{"rendered":"http:\/\/www.tucomarca.com\/wordpress\/segunda\/?p=4768"},"modified":"2012-07-01T17:41:26","modified_gmt":"2012-07-01T15:41:26","slug":"las-condiciones-del-incendio-de-cortes-mejoran-en-el-bolot-y-el-regajo-de-macastre","status":"publish","type":"post","link":"https:\/\/www.tucomarca.com\/wordpress\/segunda\/las-condiciones-del-incendio-de-cortes-mejoran-en-el-bolot-y-el-regajo-de-macastre\/","title":{"rendered":"Las condiciones del incendio de Cortes mejoran en el Bolot y el Regajo de Macastre"},"content":{"rendered":"<figure id=\"attachment_4772\" aria-describedby=\"caption-attachment-4772\" style=\"width: 640px\" class=\"wp-caption aligncenter\"><a href=\"https:\/\/www.tucomarca.com\/wordpress\/segunda\/wp-content\/uploads\/2012\/07\/arauzregajo.jpg\"><img loading=\"lazy\" decoding=\"async\" class=\"size-full wp-image-4772\" title=\"arauzregajo\" src=\"https:\/\/www.tucomarca.com\/wordpress\/segunda\/wp-content\/uploads\/2012\/07\/arauzregajo.jpg\" alt=\"Efectivos desplazados en la zona del Regajo de Macastre.\" width=\"640\" height=\"480\" srcset=\"https:\/\/www.tucomarca.com\/wordpress\/segunda\/wp-content\/uploads\/2012\/07\/arauzregajo.jpg 640w, https:\/\/www.tucomarca.com\/wordpress\/segunda\/wp-content\/uploads\/2012\/07\/arauzregajo-300x225.jpg 300w\" sizes=\"auto, (max-width: 640px) 100vw, 640px\" \/><\/a><figcaption id=\"caption-attachment-4772\" class=\"wp-caption-text\">Efectivos desplazados en la zona del Regajo de Macastre.<\/figcaption><\/figure>\n<p>Las llamas pr\u00e1cticamente ya han sido controladas en la zona del Regajo y del Bolot de Macastre. Los efectivos a\u00e9reos y terrestres son ahora mismo trasladados a otra zona tras conseguir detener unas llamas que se acercaban peligrosamente hasta el casco urbano de Macastre, lo que hace que pierda fuerza la posibilidad de que esta poblaci\u00f3n sea evacuada finalmente.<\/p>\n<p>Desde el n\u00facleo urbano de Macastre, y m\u00e1s concretamente desde la propia zona del Bolot, nuestro enviado especial <strong>Carlos Solano<\/strong> informa de que a pesar de la proximidad de las llamas al casco urbano, \u00e9stas se han reducido bastante, adem\u00e1s hay un barranco de por medio, quiz\u00e1s bastante dif\u00edcil de sortear por el fuego.<\/p>\n<p>No obstante, la zona frontal, denominada El Bosque, que est\u00e1 a 300 metros de las viviendas, sigue ofreciendo tres peque\u00f1os focos, sin embargo se respira una mayor tranquilidad que horas antes. Los efectivos empiezan a subir a los camiones para trasladarse a otro punto, lo m\u00e1s probable a Y\u00e1tova. Los medios a\u00e9reos tambi\u00e9n han dejado de operar en esta zona.<\/p>\n","protected":false},"excerpt":{"rendered":"<div class=\"mh-excerpt\">Las llamas pr\u00e1cticamente ya han sido controladas en la zona del Regajo y del Bolot de Macastre. Los efectivos a\u00e9reos y terrestres son ahora mismo trasladados a otra zona tras conseguir detener unas llamas que <a class=\"mh-excerpt-more\" href=\"https:\/\/www.tucomarca.com\/wordpress\/segunda\/las-condiciones-del-incendio-de-cortes-mejoran-en-el-bolot-y-el-regajo-de-macastre\/\" title=\"Las condiciones del incendio de Cortes mejoran en el Bolot y el Regajo de Macastre\">[+] <\/a><\/div>\n","protected":false},"author":1,"featured_media":4772,"comment_status":"open","ping_status":"open","sticky":false,"template":"","format":"standard","meta":{"footnotes":""},"categories":[19,291,155,40,15,8,10,42,97,13,160,161,3,116,159,43,45,11],"tags":[],"class_list":{"0":"post-4768","1":"post","2":"type-post","3":"status-publish","4":"format-standard","5":"has-post-thumbnail","7":"category-alborache","8":"category-carlet","9":"category-catadau","10":"category-cortes-de-pallas","11":"category-dos-aguas","12":"category-la-comarca","13":"category-la-hoya","14":"category-la-ribera","15":"category-llombai","16":"category-macastre","17":"category-montroi","18":"category-real-de-montroi","19":"category-seccion","20":"category-sucesos-la-comarca","21":"category-tous","22":"category-turis","23":"category-ventana","24":"category-yatova"},"_links":{"self":[{"href":"https:\/\/www.tucomarca.com\/wordpress\/segunda\/wp-json\/wp\/v2\/posts\/4768","targetHints":{"allow":["GET"]}}],"collection":[{"href":"https:\/\/www.tucomarca.com\/wordpress\/segunda\/wp-json\/wp\/v2\/posts"}],"about":[{"href":"https:\/\/www.tucomarca.com\/wordpress\/segunda\/wp-json\/wp\/v2\/types\/post"}],"author":[{"embeddable":true,"href":"https:\/\/www.tucomarca.com\/wordpress\/segunda\/wp-json\/wp\/v2\/users\/1"}],"replies":[{"embeddable":true,"href":"https:\/\/www.tucomarca.com\/wordpress\/segunda\/wp-json\/wp\/v2\/comments?post=4768"}],"version-history":[{"count":0,"href":"https:\/\/www.tucomarca.com\/wordpress\/segunda\/wp-json\/wp\/v2\/posts\/4768\/revisions"}],"wp:featuredmedia":[{"embeddable":true,"href":"https:\/\/www.tucomarca.com\/wordpress\/segunda\/wp-json\/wp\/v2\/media\/4772"}],"wp:attachment":[{"href":"https:\/\/www.tucomarca.com\/wordpress\/segunda\/wp-json\/wp\/v2\/media?parent=4768"}],"wp:term":[{"taxonomy":"category","embeddable":true,"href":"https:\/\/www.tucomarca.com\/wordpress\/segunda\/wp-json\/wp\/v2\/categories?post=4768"},{"taxonomy":"post_tag","embeddable":true,"href":"https:\/\/www.tucomarca.com\/wordpress\/segunda\/wp-json\/wp\/v2\/tags?post=4768"}],"curies":[{"name":"wp","href":"https:\/\/api.w.org\/{rel}","templated":true}]}}