{"id":4775,"date":"2012-07-01T18:18:50","date_gmt":"2012-07-01T16:18:50","guid":{"rendered":"http:\/\/www.tucomarca.com\/wordpress\/segunda\/?p=4775"},"modified":"2012-07-01T18:18:50","modified_gmt":"2012-07-01T16:18:50","slug":"su-majestad-el-rey-se-interesa-por-los-incendios-de-cortes-y-andilla-y-brinda-a-fabra-%c2%abtodo-su-apoyo%c2%bb","status":"publish","type":"post","link":"https:\/\/www.tucomarca.com\/wordpress\/segunda\/su-majestad-el-rey-se-interesa-por-los-incendios-de-cortes-y-andilla-y-brinda-a-fabra-%c2%abtodo-su-apoyo%c2%bb\/","title":{"rendered":"Su Majestad El Rey se interesa por los incendios de Cortes y Andilla y brinda a Fabra \u00abtodo su apoyo\u00bb"},"content":{"rendered":"<p>El conseller de Gobernaci\u00f3n, Seraf\u00edn Castellano, ha informado desde el Puesto de Mando Avanzado, ubicado en el Centro de Emergencias de Y\u00e1tova, que \u00absu Majestad El Rey ha telefoneado al Presidente de la Generalitat, Alberto Fabra, interes\u00e1ndose por los incendios y brind\u00e1ndonos todo su apoyo\u00bb, tal como ha explicado Castellano.<\/p>\n<p>Como ya ha informado <strong>tucomarca.com<\/strong> en ediciones anteriores, el Presidente del Gobierno, Mariano Rajoy, tambi\u00e9n se ha interesado por el estado de los incendios, \u00aby nos ha brindado todo su apoyo\u00bb, en palabras del President de la Generalitat.<\/p>\n","protected":false},"excerpt":{"rendered":"<div class=\"mh-excerpt\">El conseller de Gobernaci\u00f3n, Seraf\u00edn Castellano, ha informado desde el Puesto de Mando Avanzado, ubicado en el Centro de Emergencias de Y\u00e1tova, que \u00absu Majestad El Rey ha telefoneado al Presidente de la Generalitat, Alberto <a class=\"mh-excerpt-more\" href=\"https:\/\/www.tucomarca.com\/wordpress\/segunda\/su-majestad-el-rey-se-interesa-por-los-incendios-de-cortes-y-andilla-y-brinda-a-fabra-%c2%abtodo-su-apoyo%c2%bb\/\" title=\"Su Majestad El Rey se interesa por los incendios de Cortes y Andilla y brinda a Fabra \u00abtodo su apoyo\u00bb\">[+] <\/a><\/div>\n","protected":false},"author":1,"featured_media":0,"comment_status":"open","ping_status":"open","sticky":false,"template":"","format":"standard","meta":{"footnotes":""},"categories":[19,291,155,40,15,8,10,42,13,160,161,3,116,159,43,11],"tags":[],"class_list":{"0":"post-4775","1":"post","2":"type-post","3":"status-publish","4":"format-standard","6":"category-alborache","7":"category-carlet","8":"category-catadau","9":"category-cortes-de-pallas","10":"category-dos-aguas","11":"category-la-comarca","12":"category-la-hoya","13":"category-la-ribera","14":"category-macastre","15":"category-montroi","16":"category-real-de-montroi","17":"category-seccion","18":"category-sucesos-la-comarca","19":"category-tous","20":"category-turis","21":"category-yatova"},"_links":{"self":[{"href":"https:\/\/www.tucomarca.com\/wordpress\/segunda\/wp-json\/wp\/v2\/posts\/4775","targetHints":{"allow":["GET"]}}],"collection":[{"href":"https:\/\/www.tucomarca.com\/wordpress\/segunda\/wp-json\/wp\/v2\/posts"}],"about":[{"href":"https:\/\/www.tucomarca.com\/wordpress\/segunda\/wp-json\/wp\/v2\/types\/post"}],"author":[{"embeddable":true,"href":"https:\/\/www.tucomarca.com\/wordpress\/segunda\/wp-json\/wp\/v2\/users\/1"}],"replies":[{"embeddable":true,"href":"https:\/\/www.tucomarca.com\/wordpress\/segunda\/wp-json\/wp\/v2\/comments?post=4775"}],"version-history":[{"count":0,"href":"https:\/\/www.tucomarca.com\/wordpress\/segunda\/wp-json\/wp\/v2\/posts\/4775\/revisions"}],"wp:attachment":[{"href":"https:\/\/www.tucomarca.com\/wordpress\/segunda\/wp-json\/wp\/v2\/media?parent=4775"}],"wp:term":[{"taxonomy":"category","embeddable":true,"href":"https:\/\/www.tucomarca.com\/wordpress\/segunda\/wp-json\/wp\/v2\/categories?post=4775"},{"taxonomy":"post_tag","embeddable":true,"href":"https:\/\/www.tucomarca.com\/wordpress\/segunda\/wp-json\/wp\/v2\/tags?post=4775"}],"curies":[{"name":"wp","href":"https:\/\/api.w.org\/{rel}","templated":true}]}}