{"id":4779,"date":"2012-07-01T19:12:05","date_gmt":"2012-07-01T17:12:05","guid":{"rendered":"http:\/\/www.tucomarca.com\/wordpress\/segunda\/?p=4779"},"modified":"2012-07-01T19:13:06","modified_gmt":"2012-07-01T17:13:06","slug":"el-frente-de-yatova-se-dirige-hacia-mijares-y-tabarla","status":"publish","type":"post","link":"https:\/\/www.tucomarca.com\/wordpress\/segunda\/el-frente-de-yatova-se-dirige-hacia-mijares-y-tabarla\/","title":{"rendered":"El frente de Y\u00e1tova se dirige hacia Mijares y Tabarla"},"content":{"rendered":"<p style=\"text-align: left;\">&nbsp;<\/p>\n<figure id=\"attachment_4799\" aria-describedby=\"caption-attachment-4799\" style=\"width: 800px\" class=\"wp-caption aligncenter\"><a href=\"https:\/\/www.tucomarca.com\/wordpress\/segunda\/wp-content\/uploads\/2012\/07\/3.jpg\"><img loading=\"lazy\" decoding=\"async\" class=\"size-full wp-image-4799 \" title=\"-3\" src=\"https:\/\/www.tucomarca.com\/wordpress\/segunda\/wp-content\/uploads\/2012\/07\/3.jpg\" alt=\"El Motrot\u00f3n de Y\u00e1tova ha sido completamente calcinado. Foto: V. Mont\u00f3.\" width=\"800\" height=\"600\" srcset=\"https:\/\/www.tucomarca.com\/wordpress\/segunda\/wp-content\/uploads\/2012\/07\/3.jpg 800w, https:\/\/www.tucomarca.com\/wordpress\/segunda\/wp-content\/uploads\/2012\/07\/3-300x225.jpg 300w\" sizes=\"auto, (max-width: 800px) 100vw, 800px\" \/><\/a><figcaption id=\"caption-attachment-4799\" class=\"wp-caption-text\">El Motrot\u00f3n de Y\u00e1tova ha sido completamente calcinado. Foto: V. Mont\u00f3.<\/figcaption><\/figure>\n<p>El frente principal del incendio de Cortes en La Hoya de Bu\u00f1ol-Chiva, concretamente el que se extiende por el t\u00e9rmino municipal de Y\u00e1tova, se dirige en estos momentos hacia la zona de Mijares y Tabarla; ambas muy pr\u00f3ximas al t\u00e9rmino municipal de Bu\u00f1ol, al que podr\u00eda alcanzar en breve de no atajar las llamas a tiempo.<\/p>\n<p>Seraf\u00edn Castellano tambi\u00e9n ha informdo de la evacuacion preventiva de  100 personas residentes en Y\u00e1tova a causa del intenso humo.<\/p>\n<p>En estos momenos los servicios de extinci\u00f3n de incendios, un total de 22 medios a\u00e9reos y 1.200 efectivos terrestres, trabajan en los alrededores de Macastre y de Alborache. Ya que las llamas han dejado atr\u00e1s, totalmente calcinado, el emblem\u00e1tico Motrot\u00f3n.<\/p>\n<p>El grueso de los efectivos de Macastre han sido trasladados ahora en autob\u00fas hacia Y\u00e1tova, donde adem\u00e1s se ha producido el relevo de los efectos de la UME hace apenas unos minutos.<\/p>\n<p>&nbsp;<\/p>\n","protected":false},"excerpt":{"rendered":"<div class=\"mh-excerpt\">&nbsp; El frente principal del incendio de Cortes en La Hoya de Bu\u00f1ol-Chiva, concretamente el que se extiende por el t\u00e9rmino municipal de Y\u00e1tova, se dirige en estos momentos hacia la zona de Mijares y <a class=\"mh-excerpt-more\" href=\"https:\/\/www.tucomarca.com\/wordpress\/segunda\/el-frente-de-yatova-se-dirige-hacia-mijares-y-tabarla\/\" title=\"El frente de Y\u00e1tova se dirige hacia Mijares y Tabarla\">[+] <\/a><\/div>\n","protected":false},"author":1,"featured_media":4799,"comment_status":"open","ping_status":"open","sticky":false,"template":"","format":"standard","meta":{"footnotes":""},"categories":[19,291,155,40,15,8,10,42,97,13,160,161,3,116,159,43,45,11],"tags":[],"class_list":{"0":"post-4779","1":"post","2":"type-post","3":"status-publish","4":"format-standard","5":"has-post-thumbnail","7":"category-alborache","8":"category-carlet","9":"category-catadau","10":"category-cortes-de-pallas","11":"category-dos-aguas","12":"category-la-comarca","13":"category-la-hoya","14":"category-la-ribera","15":"category-llombai","16":"category-macastre","17":"category-montroi","18":"category-real-de-montroi","19":"category-seccion","20":"category-sucesos-la-comarca","21":"category-tous","22":"category-turis","23":"category-ventana","24":"category-yatova"},"_links":{"self":[{"href":"https:\/\/www.tucomarca.com\/wordpress\/segunda\/wp-json\/wp\/v2\/posts\/4779","targetHints":{"allow":["GET"]}}],"collection":[{"href":"https:\/\/www.tucomarca.com\/wordpress\/segunda\/wp-json\/wp\/v2\/posts"}],"about":[{"href":"https:\/\/www.tucomarca.com\/wordpress\/segunda\/wp-json\/wp\/v2\/types\/post"}],"author":[{"embeddable":true,"href":"https:\/\/www.tucomarca.com\/wordpress\/segunda\/wp-json\/wp\/v2\/users\/1"}],"replies":[{"embeddable":true,"href":"https:\/\/www.tucomarca.com\/wordpress\/segunda\/wp-json\/wp\/v2\/comments?post=4779"}],"version-history":[{"count":0,"href":"https:\/\/www.tucomarca.com\/wordpress\/segunda\/wp-json\/wp\/v2\/posts\/4779\/revisions"}],"wp:featuredmedia":[{"embeddable":true,"href":"https:\/\/www.tucomarca.com\/wordpress\/segunda\/wp-json\/wp\/v2\/media\/4799"}],"wp:attachment":[{"href":"https:\/\/www.tucomarca.com\/wordpress\/segunda\/wp-json\/wp\/v2\/media?parent=4779"}],"wp:term":[{"taxonomy":"category","embeddable":true,"href":"https:\/\/www.tucomarca.com\/wordpress\/segunda\/wp-json\/wp\/v2\/categories?post=4779"},{"taxonomy":"post_tag","embeddable":true,"href":"https:\/\/www.tucomarca.com\/wordpress\/segunda\/wp-json\/wp\/v2\/tags?post=4779"}],"curies":[{"name":"wp","href":"https:\/\/api.w.org\/{rel}","templated":true}]}}