{"id":479,"date":"2012-04-26T23:26:15","date_gmt":"2012-04-26T23:26:15","guid":{"rendered":"http:\/\/www.tucomarca.com\/wordpress\/segunda\/?p=479"},"modified":"2012-04-30T00:17:06","modified_gmt":"2012-04-30T00:17:06","slug":"la-banda-sinfonica-de-%c2%abla-armonica%c2%bb-de-bunol-graba-un-disco-junto-al-reconocido-musico-jan-guns","status":"publish","type":"post","link":"https:\/\/www.tucomarca.com\/wordpress\/segunda\/la-banda-sinfonica-de-%c2%abla-armonica%c2%bb-de-bunol-graba-un-disco-junto-al-reconocido-musico-jan-guns\/","title":{"rendered":"La banda sinf\u00f3nica de \u00abLa Arm\u00f3nica\u00bb de Bu\u00f1ol graba un disco junto al reconocido m\u00fasico Jan Guns"},"content":{"rendered":"<p>Seg\u00fan adeant\u00f3 este semanario en su edici\u00f3n en papel, la Banda Sinf\u00f3nica del CIM \u00abLa Arm\u00f3nica\u00bb de Bu\u00f1ol ha participado d\u00edas atr\u00e1s de la grabaci\u00f3n de un disco compacto junto a Jan Guns (clarinete bajo), un reconocido m\u00fasico que durante dos intensos d\u00edas ha trabajado con parte de la plantilla de \u00abEl Litro\u00bb en el Palacio de la M\u00fasica.<img decoding=\"async\" title=\"M\u00e1s...\" src=\"https:\/\/tucomarca.wordpress.com\/wp-includes\/js\/tinymce\/plugins\/wordpress\/img\/trans.gif\" alt=\"\" \/><\/p>\n<p>Como ha comentado el m\u00e1ximo responsable art\u00edstico de la entidad, Frank De Vuyst, \u00abeste trabajo es iniciativa de una productora belga que ha llegado a un convenio con un sello japon\u00e9s para distribuir en este pa\u00eds, lo que va a permitir que el nombre de \u2018La Arm\u00f3nica\u2019 va a estar ligado junto al de este gran m\u00fasico. Todo esto va a suponer una enorme promoci\u00f3n de la entidad, permitiendo abrirnos paso en un mercado muy amplio\u00bb.<\/p>\n<p>Durante dos intensos d\u00edas, un grupo reducido de m\u00fasicos se ha encerrado literalmente en la sede musical de \u00abEl Litro\u00bb para participar en este proyecto que ha sido muy bien acogido en el seno de la entidad. \u00abEl hecho de contar s\u00f3lo con una parte de la banda es debido a la necesidad de trabajar con rapidez, a la de aportar transparencia al sonido, as\u00ed como a las caracter\u00edsticas del clarinete bajo, un instrumento que no tiene tanta potencia como otros\u00bb, tal como ha detallado De Vuyst.<\/p>\n<p>El presidente de la entidad, Jos\u00e9 Corach\u00e1n, tambi\u00e9n ha valorado muy positivamente este trabajo que no va a costar dinero a la sociedad y que va a permitir incentivar la promoci\u00f3n en el contexto internacional. \u00abTodo lo que sean ideas de este tipo son siempre buenas\u00bb, seg\u00fan ha dicho.<\/p>\n<p>&nbsp;<\/p>\n","protected":false},"excerpt":{"rendered":"<div class=\"mh-excerpt\">Seg\u00fan adeant\u00f3 este semanario en su edici\u00f3n en papel, la Banda Sinf\u00f3nica del CIM \u00abLa Arm\u00f3nica\u00bb de Bu\u00f1ol ha participado d\u00edas atr\u00e1s de la grabaci\u00f3n de un disco compacto junto a Jan Guns (clarinete bajo), <a class=\"mh-excerpt-more\" href=\"https:\/\/www.tucomarca.com\/wordpress\/segunda\/la-banda-sinfonica-de-%c2%abla-armonica%c2%bb-de-bunol-graba-un-disco-junto-al-reconocido-musico-jan-guns\/\" title=\"La banda sinf\u00f3nica de \u00abLa Arm\u00f3nica\u00bb de Bu\u00f1ol graba un disco junto al reconocido m\u00fasico Jan Guns\">[+] <\/a><\/div>\n","protected":false},"author":1,"featured_media":480,"comment_status":"open","ping_status":"open","sticky":false,"template":"","format":"standard","meta":{"footnotes":""},"categories":[18,66,10,7,3,45],"tags":[67],"class_list":{"0":"post-479","1":"post","2":"type-post","3":"status-publish","4":"format-standard","5":"has-post-thumbnail","7":"category-bunol","8":"category-musica","9":"category-la-hoya","10":"category-ocio-y-cultura","11":"category-seccion","12":"category-ventana","13":"tag-la-armonica"},"_links":{"self":[{"href":"https:\/\/www.tucomarca.com\/wordpress\/segunda\/wp-json\/wp\/v2\/posts\/479","targetHints":{"allow":["GET"]}}],"collection":[{"href":"https:\/\/www.tucomarca.com\/wordpress\/segunda\/wp-json\/wp\/v2\/posts"}],"about":[{"href":"https:\/\/www.tucomarca.com\/wordpress\/segunda\/wp-json\/wp\/v2\/types\/post"}],"author":[{"embeddable":true,"href":"https:\/\/www.tucomarca.com\/wordpress\/segunda\/wp-json\/wp\/v2\/users\/1"}],"replies":[{"embeddable":true,"href":"https:\/\/www.tucomarca.com\/wordpress\/segunda\/wp-json\/wp\/v2\/comments?post=479"}],"version-history":[{"count":0,"href":"https:\/\/www.tucomarca.com\/wordpress\/segunda\/wp-json\/wp\/v2\/posts\/479\/revisions"}],"wp:featuredmedia":[{"embeddable":true,"href":"https:\/\/www.tucomarca.com\/wordpress\/segunda\/wp-json\/wp\/v2\/media\/480"}],"wp:attachment":[{"href":"https:\/\/www.tucomarca.com\/wordpress\/segunda\/wp-json\/wp\/v2\/media?parent=479"}],"wp:term":[{"taxonomy":"category","embeddable":true,"href":"https:\/\/www.tucomarca.com\/wordpress\/segunda\/wp-json\/wp\/v2\/categories?post=479"},{"taxonomy":"post_tag","embeddable":true,"href":"https:\/\/www.tucomarca.com\/wordpress\/segunda\/wp-json\/wp\/v2\/tags?post=479"}],"curies":[{"name":"wp","href":"https:\/\/api.w.org\/{rel}","templated":true}]}}