{"id":4806,"date":"2012-07-01T19:22:27","date_gmt":"2012-07-01T17:22:27","guid":{"rendered":"http:\/\/www.tucomarca.com\/wordpress\/segunda\/?p=4806"},"modified":"2012-07-01T19:50:22","modified_gmt":"2012-07-01T17:50:22","slug":"preparado-la-hoya-2","status":"publish","type":"post","link":"https:\/\/www.tucomarca.com\/wordpress\/segunda\/preparado-la-hoya-2\/","title":{"rendered":"Castellano asegura que el viento de Levante \u00abha bajado las temperaturas y puede favorecernos en las labores de extinci\u00f3n\u00bb"},"content":{"rendered":"<figure id=\"attachment_4809\" aria-describedby=\"caption-attachment-4809\" style=\"width: 300px\" class=\"wp-caption alignleft\"><a href=\"https:\/\/www.tucomarca.com\/wordpress\/segunda\/wp-content\/uploads\/2012\/07\/Castellano-domingo.jpg\"><img loading=\"lazy\" decoding=\"async\" class=\"size-medium wp-image-4809\" title=\"Castellano-domingo\" src=\"https:\/\/www.tucomarca.com\/wordpress\/segunda\/wp-content\/uploads\/2012\/07\/Castellano-domingo-300x201.jpg\" alt=\"El conseller durante la reuni\u00f3n con los alcaldes de los pueblos afectados por el incendio. \" width=\"300\" height=\"201\" srcset=\"https:\/\/www.tucomarca.com\/wordpress\/segunda\/wp-content\/uploads\/2012\/07\/Castellano-domingo-300x201.jpg 300w, https:\/\/www.tucomarca.com\/wordpress\/segunda\/wp-content\/uploads\/2012\/07\/Castellano-domingo-1024x687.jpg 1024w\" sizes=\"auto, (max-width: 300px) 100vw, 300px\" \/><\/a><figcaption id=\"caption-attachment-4809\" class=\"wp-caption-text\">El conseller durante la reuni\u00f3n con los alcaldes de los pueblos afectados por el incendio. <\/figcaption><\/figure>\n<p>El conseller de Gobernaci\u00f3n, Seraf\u00edn Castellano, ha comentado que desde que el pasado jueves se declarara el incendio forestal en Cortes de Pall\u00e1s \u00abel viento ha sido cambiante y ha predominado el mayor tiempo el viento de poniente con altas temperaturas al llegarse a alcanzar los 38 grados cent\u00edgrados, lo que ha dificultado las tareas de extinci\u00f3n\u00bb.<\/p>\n<p>\u00abHoy sopla el viento de Levante, han bajado las temperaturas y puede favorecernos en las labores de control y extinci\u00f3n del fuego, que ya ha afectado a 12 t\u00e9rminos municipales: <strong>Cortes de Pall\u00e1s, Dos Aguas, Millares, Macastre, Y\u00e1tova, Montroi, Real de Montroi, Tur\u00eds, Alborache, Tous, Llombai y Catadau\u00bb<\/strong>, ha comentado Castellano.<\/p>\n<p>El conseller, que que ha realizado estas declaraciones hace apenas unos minutos en el Puesto de Mando Avanzado (PMA), ubicado en el Parque de Emergencias de Y\u00e1tova, en compa\u00f1\u00eda de la Delegada del Gobierno en Valencia, Paula S\u00e1nchez de Le\u00f3n, ha comentado que se ha realizado la evacuaci\u00f3n preventiva de 100 vecinos de la localidad de Y\u00e1tova debido al intenso humo que hay por la zona. Concretamente de vecinos de la carretera que va desde Y\u00e1tova hasta Hortunas; as\u00ed como de la calle del Calvario, de Y\u00e1tova.<\/p>\n<p>Asimismo, ha comentado que la estrategia de extinci\u00f3n se va a seguir centrando en frenar el avance del fuego para defender los n\u00facleos urbanos de las poblaciones de <strong>Y\u00e1tova, Alborache y Macastre<\/strong>, as\u00ed como la zona del <strong>Pantano de Forata<\/strong> para evitar que el fuego lo salte y alcance el t\u00e9rmino de Millares<\/p>\n<p>Recordar que en la jornada de hoy han trabajado un total de 22 medios a\u00e9reos, que se retirar\u00e1n al ocaso, y 1.200 efectivos terrestres para conseguir hacerse con el control y, posteriormente, extinci\u00f3n del fuego del incendio forestal que se declar\u00f3 el pasado viernes en el t\u00e9rmino valenciano de Cortes de Pall\u00e1s.<\/p>\n<p>El conceller de Gobernaci\u00f3n ha recordado que el President de la Generalitat, Alberto Fabra, ha recibido la llamada de su Majestad Rey Don Juan Carlos I interes\u00e1ndose por los dos incendios que azotan la Comunitat Valenciana y le ha brindado todo su apoyo, al igual que la Presidencia del Gobierno que tambi\u00e9n \u00abnos est\u00e1 prestando todo su apoyo\u00bb.<\/p>\n<p>El conseller ha resaltado que pese a la gran cantidad de efectivos humanos movilizados no ha habido ning\u00fan incidente grave, tan s\u00f3lo varios leves. No obstante, han sido 13 las personas que han tenido que ser atendidas por patolog\u00edas respiratorias leves, seg\u00fan han confirmado fuentes sanitarias.<\/p>\n<p>Una vez m\u00e1s, el conseller ha agradecido la coordinaci\u00f3n y colaboraci\u00f3n de todas las administraciones que est\u00e1n ayudando en las tareas de extinci\u00f3n y ha destacado el \u00abenorme esfuerzo, entrega y dedicaci\u00f3n plena de todos aquellos que est\u00e1n trabajando y colaborando en la extinci\u00f3n, que se est\u00e1n dejando la piel por ganar la batalla al fuego\u00bb.<\/p>\n","protected":false},"excerpt":{"rendered":"<div class=\"mh-excerpt\">El conseller de Gobernaci\u00f3n, Seraf\u00edn Castellano, ha comentado que desde que el pasado jueves se declarara el incendio forestal en Cortes de Pall\u00e1s \u00abel viento ha sido cambiante y ha predominado el mayor tiempo el <a class=\"mh-excerpt-more\" href=\"https:\/\/www.tucomarca.com\/wordpress\/segunda\/preparado-la-hoya-2\/\" title=\"Castellano asegura que el viento de Levante \u00abha bajado las temperaturas y puede favorecernos en las labores de extinci\u00f3n\u00bb\">[+] <\/a><\/div>\n","protected":false},"author":1,"featured_media":4809,"comment_status":"open","ping_status":"open","sticky":false,"template":"","format":"standard","meta":{"footnotes":""},"categories":[19,291,155,41,15,8,10,42,97,13,160,161,3,116,232,159,43,45,11],"tags":[],"class_list":{"0":"post-4806","1":"post","2":"type-post","3":"status-publish","4":"format-standard","5":"has-post-thumbnail","7":"category-alborache","8":"category-carlet","9":"category-catadau","10":"category-cofrentes","11":"category-dos-aguas","12":"category-la-comarca","13":"category-la-hoya","14":"category-la-ribera","15":"category-llombai","16":"category-macastre","17":"category-montroi","18":"category-real-de-montroi","19":"category-seccion","20":"category-sucesos-la-comarca","21":"category-teresa-de-cofrentes","22":"category-tous","23":"category-turis","24":"category-ventana","25":"category-yatova"},"_links":{"self":[{"href":"https:\/\/www.tucomarca.com\/wordpress\/segunda\/wp-json\/wp\/v2\/posts\/4806","targetHints":{"allow":["GET"]}}],"collection":[{"href":"https:\/\/www.tucomarca.com\/wordpress\/segunda\/wp-json\/wp\/v2\/posts"}],"about":[{"href":"https:\/\/www.tucomarca.com\/wordpress\/segunda\/wp-json\/wp\/v2\/types\/post"}],"author":[{"embeddable":true,"href":"https:\/\/www.tucomarca.com\/wordpress\/segunda\/wp-json\/wp\/v2\/users\/1"}],"replies":[{"embeddable":true,"href":"https:\/\/www.tucomarca.com\/wordpress\/segunda\/wp-json\/wp\/v2\/comments?post=4806"}],"version-history":[{"count":0,"href":"https:\/\/www.tucomarca.com\/wordpress\/segunda\/wp-json\/wp\/v2\/posts\/4806\/revisions"}],"wp:featuredmedia":[{"embeddable":true,"href":"https:\/\/www.tucomarca.com\/wordpress\/segunda\/wp-json\/wp\/v2\/media\/4809"}],"wp:attachment":[{"href":"https:\/\/www.tucomarca.com\/wordpress\/segunda\/wp-json\/wp\/v2\/media?parent=4806"}],"wp:term":[{"taxonomy":"category","embeddable":true,"href":"https:\/\/www.tucomarca.com\/wordpress\/segunda\/wp-json\/wp\/v2\/categories?post=4806"},{"taxonomy":"post_tag","embeddable":true,"href":"https:\/\/www.tucomarca.com\/wordpress\/segunda\/wp-json\/wp\/v2\/tags?post=4806"}],"curies":[{"name":"wp","href":"https:\/\/api.w.org\/{rel}","templated":true}]}}