{"id":482,"date":"2012-04-26T23:41:30","date_gmt":"2012-04-26T23:41:30","guid":{"rendered":"http:\/\/www.tucomarca.com\/wordpress\/segunda\/?p=482"},"modified":"2012-04-30T00:01:52","modified_gmt":"2012-04-30T00:01:52","slug":"un-vecino-de-bunol-denuncia-que-varios-perros-que-se-ejercitan-en-la-zona-de-adiestramiento-han-matado-animales-de-su-propiedad","status":"publish","type":"post","link":"https:\/\/www.tucomarca.com\/wordpress\/segunda\/un-vecino-de-bunol-denuncia-que-varios-perros-que-se-ejercitan-en-la-zona-de-adiestramiento-han-matado-animales-de-su-propiedad\/","title":{"rendered":"Un vecino de Bu\u00f1ol denuncia que varios perros que se ejercitan en la zona de adiestramiento han matado animales de su propiedad"},"content":{"rendered":"<figure id=\"attachment_483\" aria-describedby=\"caption-attachment-483\" style=\"width: 369px\" class=\"wp-caption alignleft\"><a href=\"https:\/\/www.tucomarca.com\/wordpress\/segunda\/wp-content\/uploads\/2012\/04\/gallinas-face.jpg\"><img loading=\"lazy\" decoding=\"async\" class=\"size-full wp-image-483\" title=\"gallinas-face\" src=\"https:\/\/www.tucomarca.com\/wordpress\/segunda\/wp-content\/uploads\/2012\/04\/gallinas-face.jpg\" alt=\"Uno de los aniamlaes muertos.\" width=\"369\" height=\"283\" srcset=\"https:\/\/www.tucomarca.com\/wordpress\/segunda\/wp-content\/uploads\/2012\/04\/gallinas-face.jpg 369w, https:\/\/www.tucomarca.com\/wordpress\/segunda\/wp-content\/uploads\/2012\/04\/gallinas-face-300x230.jpg 300w\" sizes=\"auto, (max-width: 369px) 100vw, 369px\" \/><\/a><figcaption id=\"caption-attachment-483\" class=\"wp-caption-text\">Uno de los aniamlaes muertos.<\/figcaption><\/figure>\n<p>Como inform\u00f3 este semanario en su edici\u00f3n impresa, un vecino de Bu\u00f1ol ha denunciado ante la Guardia Civil el ataque que sufr\u00edan d\u00edas atr\u00e1s los animales que posee en un vallado anexo a su vivienda.<img decoding=\"async\" title=\"M\u00e1s...\" src=\"https:\/\/tucomarca.wordpress.com\/wp-includes\/js\/tinymce\/plugins\/wordpress\/img\/trans.gif\" alt=\"\" \/>Seg\u00fan ha detallado a este semanario el propio denunciante, todo ocurri\u00f3 cuando varios perros de caza que habitualmente hacen uso de la zona de adiestramiento ubicada en la partida de la Cabrera rompieron el vallado de su propiedad para atacar y matar varias de sus gallinas.<\/p>\n<p>El ciudadano ha relatado que cuando se person\u00f3 en su propiedad los perros que supuestamente hab\u00edan atacado a sus animales a\u00fan se encontraban en el interior, por lo que inst\u00f3 a sus due\u00f1os a que no los tocasen hasta que se personara la Guardia Civil.<\/p>\n<p>\u00abUna vez en el lugar, los agentes se negaron a identificar a los propietarios de los perros y trataron en todo momento de restar importancia a los hechos, una actitud que demuestra la connivencia con los cazadores y que olvida que su funci\u00f3n es la de preservar los derechos, libertades y la propiedad privada\u00bb, como ha asegurado con visibles muestras de enfado el vecino afectado.<\/p>\n<p>\u00abSe ve\u00eda venir\u00bb<\/p>\n<p>Se da la casualidad de que el 15 de junio de 2010 este mismo vecino present\u00f3 por registro de entrada del Ayuntamiento de Bu\u00f1ol un escrito en el que ya alert\u00f3 de las molestias provocadas por la ubicaci\u00f3n de una zona de adiestramiento junto a propiedades privadas.<\/p>\n<p>Ya entonces pidi\u00f3 a los gestores municipales que determinaran si exist\u00eda concesi\u00f3n a la Sociedad de Cazadores para este uso \u00absin obtener respuesta alguna\u00bb, tal como ha criticado. Si realmente existe tal concesi\u00f3n, el vecino pide el m\u00e1ximo respeto de los cazadores y de sus canes a las propiedades colindantes, mientras que de no existir solicita que se retire el cartel que as\u00ed lo anuncia y se proceda a su inmediata clausura.<\/p>\n<p>A d\u00eda de hoy, el denunciante insiste en que no se ha contestado a su escrito.<\/p>\n<p>&nbsp;<\/p>\n","protected":false},"excerpt":{"rendered":"<div class=\"mh-excerpt\">Como inform\u00f3 este semanario en su edici\u00f3n impresa, un vecino de Bu\u00f1ol ha denunciado ante la Guardia Civil el ataque que sufr\u00edan d\u00edas atr\u00e1s los animales que posee en un vallado anexo a su vivienda.Seg\u00fan <a class=\"mh-excerpt-more\" href=\"https:\/\/www.tucomarca.com\/wordpress\/segunda\/un-vecino-de-bunol-denuncia-que-varios-perros-que-se-ejercitan-en-la-zona-de-adiestramiento-han-matado-animales-de-su-propiedad\/\" title=\"Un vecino de Bu\u00f1ol denuncia que varios perros que se ejercitan en la zona de adiestramiento han matado animales de su propiedad\">[+] <\/a><\/div>\n","protected":false},"author":1,"featured_media":483,"comment_status":"open","ping_status":"open","sticky":false,"template":"","format":"standard","meta":{"footnotes":""},"categories":[18,8,10,3],"tags":[33],"class_list":{"0":"post-482","1":"post","2":"type-post","3":"status-publish","4":"format-standard","5":"has-post-thumbnail","7":"category-bunol","8":"category-la-comarca","9":"category-la-hoya","10":"category-seccion","11":"tag-sucesos"},"_links":{"self":[{"href":"https:\/\/www.tucomarca.com\/wordpress\/segunda\/wp-json\/wp\/v2\/posts\/482","targetHints":{"allow":["GET"]}}],"collection":[{"href":"https:\/\/www.tucomarca.com\/wordpress\/segunda\/wp-json\/wp\/v2\/posts"}],"about":[{"href":"https:\/\/www.tucomarca.com\/wordpress\/segunda\/wp-json\/wp\/v2\/types\/post"}],"author":[{"embeddable":true,"href":"https:\/\/www.tucomarca.com\/wordpress\/segunda\/wp-json\/wp\/v2\/users\/1"}],"replies":[{"embeddable":true,"href":"https:\/\/www.tucomarca.com\/wordpress\/segunda\/wp-json\/wp\/v2\/comments?post=482"}],"version-history":[{"count":0,"href":"https:\/\/www.tucomarca.com\/wordpress\/segunda\/wp-json\/wp\/v2\/posts\/482\/revisions"}],"wp:featuredmedia":[{"embeddable":true,"href":"https:\/\/www.tucomarca.com\/wordpress\/segunda\/wp-json\/wp\/v2\/media\/483"}],"wp:attachment":[{"href":"https:\/\/www.tucomarca.com\/wordpress\/segunda\/wp-json\/wp\/v2\/media?parent=482"}],"wp:term":[{"taxonomy":"category","embeddable":true,"href":"https:\/\/www.tucomarca.com\/wordpress\/segunda\/wp-json\/wp\/v2\/categories?post=482"},{"taxonomy":"post_tag","embeddable":true,"href":"https:\/\/www.tucomarca.com\/wordpress\/segunda\/wp-json\/wp\/v2\/tags?post=482"}],"curies":[{"name":"wp","href":"https:\/\/api.w.org\/{rel}","templated":true}]}}