{"id":4822,"date":"2012-07-01T22:42:58","date_gmt":"2012-07-01T20:42:58","guid":{"rendered":"http:\/\/www.tucomarca.com\/wordpress\/segunda\/?p=4822"},"modified":"2012-07-01T22:47:08","modified_gmt":"2012-07-01T20:47:08","slug":"castellano-%c2%abgracias-al-muro-de-contencion-realizado-el-fuego-no-ha-afectado-a-la-sierra-calderona%c2%bb","status":"publish","type":"post","link":"https:\/\/www.tucomarca.com\/wordpress\/segunda\/castellano-%c2%abgracias-al-muro-de-contencion-realizado-el-fuego-no-ha-afectado-a-la-sierra-calderona%c2%bb\/","title":{"rendered":"Castellano: \u00abGracias al muro de contenci\u00f3n realizado, el fuego no ha afectado a la Sierra Calderona\u00bb"},"content":{"rendered":"<p>El  conseller de Gobernaci\u00f3n, Seraf\u00edn Castellano, ha comentado que esta  ma\u00f1ana una de las l\u00edneas estrat\u00e9gicas establecidas era la realizaci\u00f3n de  un muro de contenci\u00f3n para evitar que el fuego entrara en la Sierra  Calderona, \u00abesta tarde podemos comunicar que gracias al muro de  contenci\u00f3n, el incendio se ha contenido y el fuego no ha afectado a la  Sierrra Calderona\u00bb.<br \/>\nEn este sentido, ha destacado el \u00abenorme trabajo de los  efectivos que se han encargado de realizar el muro de contenci\u00f3n\u00bb ya ha  extendido este agradecimiento a todos los profesionales que est\u00e1n  \u00abtrabajando arduamente en los dos incendios complicados que estamos  viviendo. Asimismo, ha destacado \u00absu profesionalidad y entrega, as\u00ed como  su gran capacidad de trabajo\u00bb.<\/p>\n<p>Castellano se ha reunido esta tarde con los alcaldes afectados  por el incendio forestal declarado en Andilla para explicarles la  evoluci\u00f3n del  mismo, as\u00ed como la estrategia seguida durante el d\u00eda y  les ha agradecido tambi\u00e9n su colaboraci\u00f3n.<\/p>\n<p>El conseller de Gobernaci\u00f3n ha comentado que las condiciones  meteorol\u00f3gicas hoy \u00abhan sido mejores y nos han dejado trabajar y esta  noche, en principio, se espera que contin\u00faen igual. Actualmente, se est\u00e1  trabajando en los \u00abpuntos m\u00e1s delicados para poder estabilizar el  incendio\u00bb.<\/p>\n<p>Durante esta la noche, trabajar\u00e1n los mismos efectivos  terrestres y ma\u00f1ana al orto se incorporar\u00e1n los medios a\u00e9reos, que se  ver\u00e1n incrementados puesto que la comunidad aut\u00f3noma de Galicia nos va a  enviar medios a\u00e9reos.<\/p>\n<p>\u00abQue otras comunidades son presten sus medios y recursos es una  muestra clara y evidente del apoyo y esfuerzo del Gobierno de Espa\u00f1a y  de las comunidades aut\u00f3nomas que nos est\u00e1n ayudando d\u00eda tras d\u00eda para  que podamos controlar el fuego cuanto antes\u00bb, ha explicado Castellano.<\/p>\n<p>Por \u00faltimo, ha recordado que tanto en el incendio declarado en  Cortes de Pall\u00e1s como en el de Andilla han trabajado un total de 47  medios a\u00e9reos y m\u00e1s de 1.850 efectivos terrestres de extinci\u00f3n.<\/p>\n","protected":false},"excerpt":{"rendered":"<div class=\"mh-excerpt\">El conseller de Gobernaci\u00f3n, Seraf\u00edn Castellano, ha comentado que esta ma\u00f1ana una de las l\u00edneas estrat\u00e9gicas establecidas era la realizaci\u00f3n de un muro de contenci\u00f3n para evitar que el fuego entrara en la Sierra Calderona, <a class=\"mh-excerpt-more\" href=\"https:\/\/www.tucomarca.com\/wordpress\/segunda\/castellano-%c2%abgracias-al-muro-de-contencion-realizado-el-fuego-no-ha-afectado-a-la-sierra-calderona%c2%bb\/\" title=\"Castellano: \u00abGracias al muro de contenci\u00f3n realizado, el fuego no ha afectado a la Sierra Calderona\u00bb\">[+] <\/a><\/div>\n","protected":false},"author":1,"featured_media":0,"comment_status":"open","ping_status":"open","sticky":false,"template":"","format":"standard","meta":{"footnotes":""},"categories":[191,46,8,47,59,3,116],"tags":[],"class_list":{"0":"post-4822","1":"post","2":"type-post","3":"status-publish","4":"format-standard","6":"category-andilla","7":"category-camp-de-turia","8":"category-la-comarca","9":"category-lliria","10":"category-los-serranos","11":"category-seccion","12":"category-sucesos-la-comarca"},"_links":{"self":[{"href":"https:\/\/www.tucomarca.com\/wordpress\/segunda\/wp-json\/wp\/v2\/posts\/4822","targetHints":{"allow":["GET"]}}],"collection":[{"href":"https:\/\/www.tucomarca.com\/wordpress\/segunda\/wp-json\/wp\/v2\/posts"}],"about":[{"href":"https:\/\/www.tucomarca.com\/wordpress\/segunda\/wp-json\/wp\/v2\/types\/post"}],"author":[{"embeddable":true,"href":"https:\/\/www.tucomarca.com\/wordpress\/segunda\/wp-json\/wp\/v2\/users\/1"}],"replies":[{"embeddable":true,"href":"https:\/\/www.tucomarca.com\/wordpress\/segunda\/wp-json\/wp\/v2\/comments?post=4822"}],"version-history":[{"count":0,"href":"https:\/\/www.tucomarca.com\/wordpress\/segunda\/wp-json\/wp\/v2\/posts\/4822\/revisions"}],"wp:attachment":[{"href":"https:\/\/www.tucomarca.com\/wordpress\/segunda\/wp-json\/wp\/v2\/media?parent=4822"}],"wp:term":[{"taxonomy":"category","embeddable":true,"href":"https:\/\/www.tucomarca.com\/wordpress\/segunda\/wp-json\/wp\/v2\/categories?post=4822"},{"taxonomy":"post_tag","embeddable":true,"href":"https:\/\/www.tucomarca.com\/wordpress\/segunda\/wp-json\/wp\/v2\/tags?post=4822"}],"curies":[{"name":"wp","href":"https:\/\/api.w.org\/{rel}","templated":true}]}}