{"id":4851,"date":"2012-07-02T11:26:05","date_gmt":"2012-07-02T09:26:05","guid":{"rendered":"http:\/\/www.tucomarca.com\/wordpress\/segunda\/?p=4851"},"modified":"2012-07-02T11:26:05","modified_gmt":"2012-07-02T09:26:05","slug":"el-sindicato-csi-f-felicita-a-las-brigadas-forestales-y-a-los-servicios-de-extincion-por-su-trabajo-en-los-incendios-forestales","status":"publish","type":"post","link":"https:\/\/www.tucomarca.com\/wordpress\/segunda\/el-sindicato-csi-f-felicita-a-las-brigadas-forestales-y-a-los-servicios-de-extincion-por-su-trabajo-en-los-incendios-forestales\/","title":{"rendered":"El sindicato CSI-F felicita a las Brigadas forestales y a los servicios de extinci\u00f3n por su trabajo en los incendios forestales"},"content":{"rendered":"<p>El sindicato CSI-F ha querido felicitar p\u00fabicamente al personal que integran las brigadas forestales de Imelsa por el denodado esfuerzo y la dedicaci\u00f3n por controlar los incendios originados en Cortes de Pall\u00e1s y Andilla. Como se afirma, los brigadistas est\u00e1n trabajando en turnos de 12 horas y relevos continuos durante los \u00faltimos d\u00edas para reducir el efecto devastador de las llamas y controlar y extinguir los incendios.<br \/>\nLa Central Sindical Independiente y de Funcionarios (CSI-F) resalta la intervenci\u00f3n, adem\u00e1s de las brigadas de la empresa p\u00fablica Imelsa, de los operativos del Consorcio de Diputaci\u00f3n, de Protecci\u00f3n Civil y de las brigadas rurales. Tambi\u00e9n agradece la llegada de brigadas de Cuenca, Arag\u00f3n, Baleares, Murcia, Catalu\u00f1a y Madrid y de la Unidad Militar de Emergencias.<\/p>\n","protected":false},"excerpt":{"rendered":"<div class=\"mh-excerpt\">El sindicato CSI-F ha querido felicitar p\u00fabicamente al personal que integran las brigadas forestales de Imelsa por el denodado esfuerzo y la dedicaci\u00f3n por controlar los incendios originados en Cortes de Pall\u00e1s y Andilla. Como <a class=\"mh-excerpt-more\" href=\"https:\/\/www.tucomarca.com\/wordpress\/segunda\/el-sindicato-csi-f-felicita-a-las-brigadas-forestales-y-a-los-servicios-de-extincion-por-su-trabajo-en-los-incendios-forestales\/\" title=\"El sindicato CSI-F felicita a las Brigadas forestales y a los servicios de extinci\u00f3n por su trabajo en los incendios forestales\">[+] <\/a><\/div>\n","protected":false},"author":2,"featured_media":0,"comment_status":"open","ping_status":"open","sticky":false,"template":"","format":"standard","meta":{"footnotes":""},"categories":[191,38,8,72,10,59,3],"tags":[337],"class_list":{"0":"post-4851","1":"post","2":"type-post","3":"status-publish","4":"format-standard","6":"category-andilla","7":"category-ayora-cofrentes","8":"category-la-comarca","9":"category-sin-categorizar","10":"category-la-hoya","11":"category-los-serranos","12":"category-seccion","13":"tag-csi-f"},"_links":{"self":[{"href":"https:\/\/www.tucomarca.com\/wordpress\/segunda\/wp-json\/wp\/v2\/posts\/4851","targetHints":{"allow":["GET"]}}],"collection":[{"href":"https:\/\/www.tucomarca.com\/wordpress\/segunda\/wp-json\/wp\/v2\/posts"}],"about":[{"href":"https:\/\/www.tucomarca.com\/wordpress\/segunda\/wp-json\/wp\/v2\/types\/post"}],"author":[{"embeddable":true,"href":"https:\/\/www.tucomarca.com\/wordpress\/segunda\/wp-json\/wp\/v2\/users\/2"}],"replies":[{"embeddable":true,"href":"https:\/\/www.tucomarca.com\/wordpress\/segunda\/wp-json\/wp\/v2\/comments?post=4851"}],"version-history":[{"count":0,"href":"https:\/\/www.tucomarca.com\/wordpress\/segunda\/wp-json\/wp\/v2\/posts\/4851\/revisions"}],"wp:attachment":[{"href":"https:\/\/www.tucomarca.com\/wordpress\/segunda\/wp-json\/wp\/v2\/media?parent=4851"}],"wp:term":[{"taxonomy":"category","embeddable":true,"href":"https:\/\/www.tucomarca.com\/wordpress\/segunda\/wp-json\/wp\/v2\/categories?post=4851"},{"taxonomy":"post_tag","embeddable":true,"href":"https:\/\/www.tucomarca.com\/wordpress\/segunda\/wp-json\/wp\/v2\/tags?post=4851"}],"curies":[{"name":"wp","href":"https:\/\/api.w.org\/{rel}","templated":true}]}}