{"id":48812,"date":"2016-08-19T20:53:52","date_gmt":"2016-08-19T17:53:52","guid":{"rendered":"http:\/\/www.tucomarca.com\/wordpress\/segunda\/?p=48812"},"modified":"2016-08-19T20:53:52","modified_gmt":"2016-08-19T17:53:52","slug":"eu-de-requena-renuncia-a-todas-sus-entradas-por-considerar-que-un-cargo-publico-no-debe-recibir-regalos","status":"publish","type":"post","link":"https:\/\/www.tucomarca.com\/wordpress\/segunda\/eu-de-requena-renuncia-a-todas-sus-entradas-por-considerar-que-un-cargo-publico-no-debe-recibir-regalos\/","title":{"rendered":"EU de Requena renuncia a todas sus entradas por considerar que un cargo p\u00fablico \u00abno debe recibir regalos\u00bb"},"content":{"rendered":"<p>El\u00a0 concejal El\u00edas Ram\u00edrez Mart\u00ednez, portavoz del grupo municipal de Esquerra Unida del Pa\u00eds Valenci\u00e0 ha presentado este viernes en el Ayuntamiento un escrito, adjuntado las\u00a0 entradas, que para diversos actos de las pr\u00f3xima Feria y Fiesta de la Vendimia le hab\u00edan sido regaladas por su condici\u00f3n de miembro de la corporaci\u00f3n municipal.<\/p>\n<p>El\u00edas Ram\u00edrez Mart\u00ednez ha presentado por registro un escrito renunciando a las entradas que les hab\u00edan sido regaladas. Las entradas devueltas, en concreto, han sido: Dos para la Proclamaci\u00f3n de la Reina Central Infantil. Dos para la Proclamaci\u00f3n de la Reina Central. Una para el encierro de reses bravas. Una entrada invitaci\u00f3n para el concierto de Melendi Una entrada invitaci\u00f3n de ocho consumiciones de la Feria Requenense del vino.<\/p>\n<p>\u00abEl acto de la devoluci\u00f3n no viene motivado por su cuant\u00eda econ\u00f3mica, sino por el hecho de considerar que como representante p\u00fablico no debe admitir ning\u00fan tipo de regalo, y pensar que si desea asistir a alg\u00fan acto o espect\u00e1culo debe pagarlo como cualquier otra persona de Requena\u00bb, tal como han informado desde EU de Requena.<\/p>\n<p>\u00abLo anterior no obsta para agradecer a las empresas y entidades, que han ofrecido las entradas, el gesto para con nuestro portavoz en el Ayuntamiento. Aprovechar este comunicado, para desear a todas y todos los requenenses unas felices fiestas y disfrute con alegr\u00eda de las mismas\u00bb, han finalizado desde EU.<\/p>\n","protected":false},"excerpt":{"rendered":"<div class=\"mh-excerpt\">El\u00a0 concejal El\u00edas Ram\u00edrez Mart\u00ednez, portavoz del grupo municipal de Esquerra Unida del Pa\u00eds Valenci\u00e0 ha presentado este viernes en el Ayuntamiento un escrito, adjuntado las\u00a0 entradas, que para diversos actos de las pr\u00f3xima Feria <a class=\"mh-excerpt-more\" href=\"https:\/\/www.tucomarca.com\/wordpress\/segunda\/eu-de-requena-renuncia-a-todas-sus-entradas-por-considerar-que-un-cargo-publico-no-debe-recibir-regalos\/\" title=\"EU de Requena renuncia a todas sus entradas por considerar que un cargo p\u00fablico \u00abno debe recibir regalos\u00bb\">[+] <\/a><\/div>\n","protected":false},"author":1,"featured_media":48814,"comment_status":"open","ping_status":"open","sticky":false,"template":"","format":"standard","meta":{"footnotes":""},"categories":[8,72,5,142,383,28,27,3],"tags":[],"class_list":{"0":"post-48812","1":"post","2":"type-post","3":"status-publish","4":"format-standard","5":"has-post-thumbnail","7":"category-la-comarca","8":"category-sin-categorizar","9":"category-la-semana-en-imagenes","10":"category-politica-la-comarca","11":"category-pueblos-en-fiestas","12":"category-requena","13":"category-requena-utiel","14":"category-seccion"},"_links":{"self":[{"href":"https:\/\/www.tucomarca.com\/wordpress\/segunda\/wp-json\/wp\/v2\/posts\/48812","targetHints":{"allow":["GET"]}}],"collection":[{"href":"https:\/\/www.tucomarca.com\/wordpress\/segunda\/wp-json\/wp\/v2\/posts"}],"about":[{"href":"https:\/\/www.tucomarca.com\/wordpress\/segunda\/wp-json\/wp\/v2\/types\/post"}],"author":[{"embeddable":true,"href":"https:\/\/www.tucomarca.com\/wordpress\/segunda\/wp-json\/wp\/v2\/users\/1"}],"replies":[{"embeddable":true,"href":"https:\/\/www.tucomarca.com\/wordpress\/segunda\/wp-json\/wp\/v2\/comments?post=48812"}],"version-history":[{"count":0,"href":"https:\/\/www.tucomarca.com\/wordpress\/segunda\/wp-json\/wp\/v2\/posts\/48812\/revisions"}],"wp:featuredmedia":[{"embeddable":true,"href":"https:\/\/www.tucomarca.com\/wordpress\/segunda\/wp-json\/wp\/v2\/media\/48814"}],"wp:attachment":[{"href":"https:\/\/www.tucomarca.com\/wordpress\/segunda\/wp-json\/wp\/v2\/media?parent=48812"}],"wp:term":[{"taxonomy":"category","embeddable":true,"href":"https:\/\/www.tucomarca.com\/wordpress\/segunda\/wp-json\/wp\/v2\/categories?post=48812"},{"taxonomy":"post_tag","embeddable":true,"href":"https:\/\/www.tucomarca.com\/wordpress\/segunda\/wp-json\/wp\/v2\/tags?post=48812"}],"curies":[{"name":"wp","href":"https:\/\/api.w.org\/{rel}","templated":true}]}}