{"id":48817,"date":"2016-08-19T21:05:38","date_gmt":"2016-08-19T18:05:38","guid":{"rendered":"http:\/\/www.tucomarca.com\/wordpress\/segunda\/?p=48817"},"modified":"2016-08-19T21:05:38","modified_gmt":"2016-08-19T18:05:38","slug":"bunol-refuerza-el-dispositivo-de-seguridad-de-la-tomatina-con-un-10-mas-de-agentes","status":"publish","type":"post","link":"https:\/\/www.tucomarca.com\/wordpress\/segunda\/bunol-refuerza-el-dispositivo-de-seguridad-de-la-tomatina-con-un-10-mas-de-agentes\/","title":{"rendered":"Bu\u00f1ol refuerza el dispositivo de seguridad de La Tomatina con un 10% m\u00e1s de agentes"},"content":{"rendered":"<figure id=\"attachment_48862\" aria-describedby=\"caption-attachment-48862\" style=\"width: 300px\" class=\"wp-caption alignleft\"><a href=\"https:\/\/www.tucomarca.com\/wordpress\/segunda\/wp-content\/uploads\/2016\/08\/juntaseguridad.jpg\"><img loading=\"lazy\" decoding=\"async\" class=\"size-medium wp-image-48862\" title=\"juntaseguridad\" src=\"https:\/\/www.tucomarca.com\/wordpress\/segunda\/wp-content\/uploads\/2016\/08\/juntaseguridad-300x168.jpg\" alt=\"Junta de Seguridad previa a La Tomatina 2016 desarrollada este viernes en Bu\u00f1ol.\" width=\"300\" height=\"168\" srcset=\"https:\/\/www.tucomarca.com\/wordpress\/segunda\/wp-content\/uploads\/2016\/08\/juntaseguridad-300x168.jpg 300w, https:\/\/www.tucomarca.com\/wordpress\/segunda\/wp-content\/uploads\/2016\/08\/juntaseguridad.jpg 709w\" sizes=\"auto, (max-width: 300px) 100vw, 300px\" \/><\/a><figcaption id=\"caption-attachment-48862\" class=\"wp-caption-text\">Junta de Seguridad previa a La Tomatina 2016 desarrollada este viernes en Bu\u00f1ol.<\/figcaption><\/figure>\n<p>El dispositivo de seguridad de la Tomatina de Bu\u00f1ol contar\u00e1 este a\u00f1o con un 10 % m\u00e1s de agentes de la Guardia Civil que velar\u00e1n por la seguridad de los asistentes a esta fiesta, que se celebrar\u00e1 el mi\u00e9rcoles 31 de agosto.<\/p>\n<p>As\u00ed lo ha acordado la Junta Local de Seguridad del Ayuntamiento de Bu\u00f1ol, celebrada este viernes para abordar el dispositivo de seguridad de la Tomatina 2016, han informado fuentes de la Delegaci\u00f3n del Gobierno en la Comunitat Valenciana en un comunicado.<\/p>\n<p>A la reuni\u00f3n han asistido, entre otros, el subdelegado del Gobierno en Valencia, Juan Carlos Valderrama; el alcalde de la localidad, Rafael P\u00e9rez; el director general de Emergencias de la Generalitat, Jos\u00e9 Mar\u00eda \u00c1ngel, y el coronel jefe de la Comandancia de la Guardia Civil de Valencia, Amador Escalada.<\/p>\n<p>La seguridad del aforo de 22.000 personas estar\u00e1 coordinado por las Fuerzas y Cuerpos de Seguridad del Estado, el Cuerpo de la Polic\u00eda Local y miembros de protecci\u00f3n civil y sanitarios, ha explicado Valderrama.<\/p>\n<p>Asimismo, ha se\u00f1alado que se espera que el 60 % de los asistentes a esta fiesta sea extranjero, principalmente del reino Unido, Francia y Australia, aunque tambi\u00e9n se ha observado un aumento de los turistas procedentes de Jap\u00f3n y Rusia.<\/p>\n<p>\u00abBu\u00f1ol puede llegar a duplicar su poblaci\u00f3n durante el d\u00eda de la Tomatina y los d\u00edas previos, de ah\u00ed nuestra prioridad para hacer convivir la fiesta con el d\u00eda a d\u00eda de los vecinos\u00bb, ha asegurado el subdelegado del Gobierno.<\/p>\n<p>Las mismas fuentes han destacado tambi\u00e9n que en la pasada edici\u00f3n, se volvi\u00f3 a reducir el n\u00famero de denuncias y, en concreto, se produjo un 15 % menos de las interpuestas en 2014.<\/p>\n","protected":false},"excerpt":{"rendered":"<div class=\"mh-excerpt\">El dispositivo de seguridad de la Tomatina de Bu\u00f1ol contar\u00e1 este a\u00f1o con un 10 % m\u00e1s de agentes de la Guardia Civil que velar\u00e1n por la seguridad de los asistentes a esta fiesta, que <a class=\"mh-excerpt-more\" href=\"https:\/\/www.tucomarca.com\/wordpress\/segunda\/bunol-refuerza-el-dispositivo-de-seguridad-de-la-tomatina-con-un-10-mas-de-agentes\/\" title=\"Bu\u00f1ol refuerza el dispositivo de seguridad de La Tomatina con un 10% m\u00e1s de agentes\">[+] <\/a><\/div>\n","protected":false},"author":1,"featured_media":48862,"comment_status":"open","ping_status":"open","sticky":false,"template":"","format":"standard","meta":{"footnotes":""},"categories":[18,8,72,10,5,383,3,116,45],"tags":[],"class_list":{"0":"post-48817","1":"post","2":"type-post","3":"status-publish","4":"format-standard","5":"has-post-thumbnail","7":"category-bunol","8":"category-la-comarca","9":"category-sin-categorizar","10":"category-la-hoya","11":"category-la-semana-en-imagenes","12":"category-pueblos-en-fiestas","13":"category-seccion","14":"category-sucesos-la-comarca","15":"category-ventana"},"_links":{"self":[{"href":"https:\/\/www.tucomarca.com\/wordpress\/segunda\/wp-json\/wp\/v2\/posts\/48817","targetHints":{"allow":["GET"]}}],"collection":[{"href":"https:\/\/www.tucomarca.com\/wordpress\/segunda\/wp-json\/wp\/v2\/posts"}],"about":[{"href":"https:\/\/www.tucomarca.com\/wordpress\/segunda\/wp-json\/wp\/v2\/types\/post"}],"author":[{"embeddable":true,"href":"https:\/\/www.tucomarca.com\/wordpress\/segunda\/wp-json\/wp\/v2\/users\/1"}],"replies":[{"embeddable":true,"href":"https:\/\/www.tucomarca.com\/wordpress\/segunda\/wp-json\/wp\/v2\/comments?post=48817"}],"version-history":[{"count":0,"href":"https:\/\/www.tucomarca.com\/wordpress\/segunda\/wp-json\/wp\/v2\/posts\/48817\/revisions"}],"wp:featuredmedia":[{"embeddable":true,"href":"https:\/\/www.tucomarca.com\/wordpress\/segunda\/wp-json\/wp\/v2\/media\/48862"}],"wp:attachment":[{"href":"https:\/\/www.tucomarca.com\/wordpress\/segunda\/wp-json\/wp\/v2\/media?parent=48817"}],"wp:term":[{"taxonomy":"category","embeddable":true,"href":"https:\/\/www.tucomarca.com\/wordpress\/segunda\/wp-json\/wp\/v2\/categories?post=48817"},{"taxonomy":"post_tag","embeddable":true,"href":"https:\/\/www.tucomarca.com\/wordpress\/segunda\/wp-json\/wp\/v2\/tags?post=48817"}],"curies":[{"name":"wp","href":"https:\/\/api.w.org\/{rel}","templated":true}]}}