{"id":48819,"date":"2016-08-19T20:54:31","date_gmt":"2016-08-19T17:54:31","guid":{"rendered":"http:\/\/www.tucomarca.com\/wordpress\/segunda\/?p=48819"},"modified":"2016-08-19T20:54:31","modified_gmt":"2016-08-19T17:54:31","slug":"ximo-puig-dara-este-sabado-el-pistoletazo-de-salida-al-gran-fondo-de-siete-aguas","status":"publish","type":"post","link":"https:\/\/www.tucomarca.com\/wordpress\/segunda\/ximo-puig-dara-este-sabado-el-pistoletazo-de-salida-al-gran-fondo-de-siete-aguas\/","title":{"rendered":"Ximo Puig dar\u00e1 este s\u00e1bado el pistoletazo de salida al Gran Fondo de Siete Aguas"},"content":{"rendered":"<p>El President de la Generalitat, Ximo Puig, tiene previsto realizar una visita institucional a Siete Aguas y, posteriormente, a las 19,30 horas, dar\u00e1 el pistoletazo de salida a la carrera &#8216;Gran Fondo Internacional de Siete Aguas&#8217;.<\/p>\n<p>Adem\u00e1s,\u00a0el President de la Generalitat, Ximo Puig, realizar\u00e1 una visita institucional a Bu\u00f1ol y, posteriormente, a las 22.30 horas, asistir\u00e1 al concierto &#8216;Mano a mano&#8217;, interpretado por la Sociedad Musical \u00abLa Art\u00edstica\u00bb y por el Centro Instructivo Musical \u00abLa Arm\u00f3nica\u00bb.<\/p>\n<p>&nbsp;<\/p>\n","protected":false},"excerpt":{"rendered":"<div class=\"mh-excerpt\">El President de la Generalitat, Ximo Puig, tiene previsto realizar una visita institucional a Siete Aguas y, posteriormente, a las 19,30 horas, dar\u00e1 el pistoletazo de salida a la carrera &#8216;Gran Fondo Internacional de Siete <a class=\"mh-excerpt-more\" href=\"https:\/\/www.tucomarca.com\/wordpress\/segunda\/ximo-puig-dara-este-sabado-el-pistoletazo-de-salida-al-gran-fondo-de-siete-aguas\/\" title=\"Ximo Puig dar\u00e1 este s\u00e1bado el pistoletazo de salida al Gran Fondo de Siete Aguas\">[+] <\/a><\/div>\n","protected":false},"author":1,"featured_media":0,"comment_status":"open","ping_status":"open","sticky":false,"template":"","format":"standard","meta":{"footnotes":""},"categories":[18,8,10,5,142,383,3,12],"tags":[],"class_list":{"0":"post-48819","1":"post","2":"type-post","3":"status-publish","4":"format-standard","6":"category-bunol","7":"category-la-comarca","8":"category-la-hoya","9":"category-la-semana-en-imagenes","10":"category-politica-la-comarca","11":"category-pueblos-en-fiestas","12":"category-seccion","13":"category-siete-aguas"},"_links":{"self":[{"href":"https:\/\/www.tucomarca.com\/wordpress\/segunda\/wp-json\/wp\/v2\/posts\/48819","targetHints":{"allow":["GET"]}}],"collection":[{"href":"https:\/\/www.tucomarca.com\/wordpress\/segunda\/wp-json\/wp\/v2\/posts"}],"about":[{"href":"https:\/\/www.tucomarca.com\/wordpress\/segunda\/wp-json\/wp\/v2\/types\/post"}],"author":[{"embeddable":true,"href":"https:\/\/www.tucomarca.com\/wordpress\/segunda\/wp-json\/wp\/v2\/users\/1"}],"replies":[{"embeddable":true,"href":"https:\/\/www.tucomarca.com\/wordpress\/segunda\/wp-json\/wp\/v2\/comments?post=48819"}],"version-history":[{"count":0,"href":"https:\/\/www.tucomarca.com\/wordpress\/segunda\/wp-json\/wp\/v2\/posts\/48819\/revisions"}],"wp:attachment":[{"href":"https:\/\/www.tucomarca.com\/wordpress\/segunda\/wp-json\/wp\/v2\/media?parent=48819"}],"wp:term":[{"taxonomy":"category","embeddable":true,"href":"https:\/\/www.tucomarca.com\/wordpress\/segunda\/wp-json\/wp\/v2\/categories?post=48819"},{"taxonomy":"post_tag","embeddable":true,"href":"https:\/\/www.tucomarca.com\/wordpress\/segunda\/wp-json\/wp\/v2\/tags?post=48819"}],"curies":[{"name":"wp","href":"https:\/\/api.w.org\/{rel}","templated":true}]}}