{"id":48823,"date":"2016-08-19T21:07:24","date_gmt":"2016-08-19T18:07:24","guid":{"rendered":"http:\/\/www.tucomarca.com\/wordpress\/segunda\/?p=48823"},"modified":"2016-08-19T21:07:24","modified_gmt":"2016-08-19T18:07:24","slug":"antonio-maillo-mantenedor-de-la-presentacion-de-la-reina-de-las-fiestas-de-bunol-de-este-viernes","status":"publish","type":"post","link":"https:\/\/www.tucomarca.com\/wordpress\/segunda\/antonio-maillo-mantenedor-de-la-presentacion-de-la-reina-de-las-fiestas-de-bunol-de-este-viernes\/","title":{"rendered":"Antonio Ma\u00edllo, mantenedor de la presentaci\u00f3n de la Reina de las Fiestas de Bu\u00f1ol de este viernes"},"content":{"rendered":"<figure id=\"attachment_48824\" aria-describedby=\"caption-attachment-48824\" style=\"width: 300px\" class=\"wp-caption alignleft\"><a href=\"https:\/\/www.tucomarca.com\/wordpress\/segunda\/wp-content\/uploads\/2016\/08\/Maillobunyol.jpg\"><img loading=\"lazy\" decoding=\"async\" class=\"size-medium wp-image-48824\" title=\"Maillobunyol\" src=\"https:\/\/www.tucomarca.com\/wordpress\/segunda\/wp-content\/uploads\/2016\/08\/Maillobunyol-300x225.jpg\" alt=\"Antonio Ma\u00edllo con el alcalde de Bu\u00f1ol en su despacho de la localidad.\" width=\"300\" height=\"225\" srcset=\"https:\/\/www.tucomarca.com\/wordpress\/segunda\/wp-content\/uploads\/2016\/08\/Maillobunyol-300x225.jpg 300w, https:\/\/www.tucomarca.com\/wordpress\/segunda\/wp-content\/uploads\/2016\/08\/Maillobunyol-1024x768.jpg 1024w, https:\/\/www.tucomarca.com\/wordpress\/segunda\/wp-content\/uploads\/2016\/08\/Maillobunyol.jpg 1280w\" sizes=\"auto, (max-width: 300px) 100vw, 300px\" \/><\/a><figcaption id=\"caption-attachment-48824\" class=\"wp-caption-text\">Antonio Ma\u00edllo con el alcalde de Bu\u00f1ol en su despacho de la localidad.<\/figcaption><\/figure>\n<p>Antonio Ma\u00edllo, profesor y pol\u00edtico comunista espa\u00f1ol, actual coordinador de Izquierda Unida en Andaluc\u00eda, est\u00e1 de visita en Bu\u00f1ol debido a la presentaci\u00f3n de la Reina de las Fiestas de la localidad que tendr\u00e1 lugar esta noche en el Auditorio de San Luis, y que \u00e9l actuar\u00e1 como mantenedor.<\/p>\n<p>Antonio Ma\u00edllo se ha mostrado \u00abmuy agradecido\u00bb por la invitaci\u00f3n recibida por el Ayuntamiento de Bu\u00f1ol para llevar a cabo el discurso de mantenedor en la presentaci\u00f3n de la Reina de las Fiestas de esta noche: \u201cEs mi primera vez en Bu\u00f1ol y tambi\u00e9n mi primera vez como mantenedor en un acto con el que se arrancan las fiestas, y me ha parecido muy interesante y gratificante, por eso agradezco mucho el inter\u00e9s del Ayuntamiento\u201d, ha afirmado Ma\u00edllo.<\/p>\n<p>Antonio Ma\u00edllo es licenciado en Filolog\u00eda Cl\u00e1sica por la Universidad de Sevilla, y durante la entrevista ha asegurado sentirse \u00abpol\u00edtico de pura cepa, pero su aut\u00e9ntica vocaci\u00f3n es la ense\u00f1anza\u00bb. Desde 1990 es profesor de Lat\u00edn y griego, incluso ha realizado estancias acad\u00e9micas en Finlandia, Bulgaria e Italia en el marco de proyectos educativos de la Uni\u00f3n Europea vinculados a la mejora educativa y la funci\u00f3n directiva. En el \u00e1mbito pol\u00edtico fue concejal en Aracena y candidato a la alcald\u00eda, adem\u00e1s de ser militante del Partido Comunista de Espa\u00f1a (PCE) desde 1996. En julio de 2014 Izquierda Unida le eligi\u00f3 candidato a la presidencia de la Junta de Andaluc\u00eda. Es diputado por la circunscripci\u00f3n de Sevilla.<\/p>\n<p>\u201cEstamos viviendo momentos diferentes en la pol\u00edtica. Se ha visto que el bipartidismo est\u00e1 caduco y no funciona en nuestro pa\u00eds, y el g\u00e9rmen de todos estos cambios ya se lleva viviendo en Bu\u00f1ol hace a\u00f1os puesto que siempre los movimientos sociales y reivindicativos han sido parte importante de la vida de todos los bu\u00f1olenses, por eso es un honor realizar de mantenedor y dar el pistoletazo de salida a la Feria y Fiestas\u201d, ha confirmado Ma\u00edllo.<\/p>\n<p>Durante su visita por Bu\u00f1ol, acompa\u00f1ado por el alcalde de la localidad, Rafael P\u00e9rez, ha podido comprobar la orograf\u00eda diferente de esta localidad, algo que le ha \u00abllamado mucho la atenci\u00f3n\u00bb, as\u00ed como conocer sus gentes, sus pol\u00edticos, sus vecinos, \u201calgo que me ha llenado tanto personal como pol\u00edticamente\u201d, ha finalizado el coordinador general de IU en Andaluc\u00eda.<\/p>\n<p>En su discurso como mantenedor esta noche en el Auditorio de San Luis, durante la presentaci\u00f3n de la Reina de las Fiestas, Mireia Pastor, de forma reducida, tratar\u00e1 de agradar a todos los visitantes y vecinos presentes con comparaciones de las tradiciones andaluzas con las bu\u00f1olenses, adem\u00e1s de dar valor a toda nuestra historia obrera y participativa con la que cuenta esta localidad.<\/p>\n<p>&nbsp;<\/p>\n","protected":false},"excerpt":{"rendered":"<div class=\"mh-excerpt\">Antonio Ma\u00edllo, profesor y pol\u00edtico comunista espa\u00f1ol, actual coordinador de Izquierda Unida en Andaluc\u00eda, est\u00e1 de visita en Bu\u00f1ol debido a la presentaci\u00f3n de la Reina de las Fiestas de la localidad que tendr\u00e1 lugar <a class=\"mh-excerpt-more\" href=\"https:\/\/www.tucomarca.com\/wordpress\/segunda\/antonio-maillo-mantenedor-de-la-presentacion-de-la-reina-de-las-fiestas-de-bunol-de-este-viernes\/\" title=\"Antonio Ma\u00edllo, mantenedor de la presentaci\u00f3n de la Reina de las Fiestas de Bu\u00f1ol de este viernes\">[+] <\/a><\/div>\n","protected":false},"author":1,"featured_media":48824,"comment_status":"open","ping_status":"open","sticky":false,"template":"","format":"standard","meta":{"footnotes":""},"categories":[18,8,72,10,5,383,3,45],"tags":[],"class_list":{"0":"post-48823","1":"post","2":"type-post","3":"status-publish","4":"format-standard","5":"has-post-thumbnail","7":"category-bunol","8":"category-la-comarca","9":"category-sin-categorizar","10":"category-la-hoya","11":"category-la-semana-en-imagenes","12":"category-pueblos-en-fiestas","13":"category-seccion","14":"category-ventana"},"_links":{"self":[{"href":"https:\/\/www.tucomarca.com\/wordpress\/segunda\/wp-json\/wp\/v2\/posts\/48823","targetHints":{"allow":["GET"]}}],"collection":[{"href":"https:\/\/www.tucomarca.com\/wordpress\/segunda\/wp-json\/wp\/v2\/posts"}],"about":[{"href":"https:\/\/www.tucomarca.com\/wordpress\/segunda\/wp-json\/wp\/v2\/types\/post"}],"author":[{"embeddable":true,"href":"https:\/\/www.tucomarca.com\/wordpress\/segunda\/wp-json\/wp\/v2\/users\/1"}],"replies":[{"embeddable":true,"href":"https:\/\/www.tucomarca.com\/wordpress\/segunda\/wp-json\/wp\/v2\/comments?post=48823"}],"version-history":[{"count":0,"href":"https:\/\/www.tucomarca.com\/wordpress\/segunda\/wp-json\/wp\/v2\/posts\/48823\/revisions"}],"wp:featuredmedia":[{"embeddable":true,"href":"https:\/\/www.tucomarca.com\/wordpress\/segunda\/wp-json\/wp\/v2\/media\/48824"}],"wp:attachment":[{"href":"https:\/\/www.tucomarca.com\/wordpress\/segunda\/wp-json\/wp\/v2\/media?parent=48823"}],"wp:term":[{"taxonomy":"category","embeddable":true,"href":"https:\/\/www.tucomarca.com\/wordpress\/segunda\/wp-json\/wp\/v2\/categories?post=48823"},{"taxonomy":"post_tag","embeddable":true,"href":"https:\/\/www.tucomarca.com\/wordpress\/segunda\/wp-json\/wp\/v2\/tags?post=48823"}],"curies":[{"name":"wp","href":"https:\/\/api.w.org\/{rel}","templated":true}]}}