{"id":48827,"date":"2016-08-19T20:54:13","date_gmt":"2016-08-19T17:54:13","guid":{"rendered":"http:\/\/www.tucomarca.com\/wordpress\/segunda\/?p=48827"},"modified":"2016-08-19T20:54:13","modified_gmt":"2016-08-19T17:54:13","slug":"siete-aguas-celebra-este-sabado-la-xxxvi-edicion-de-su-gran-fondo","status":"publish","type":"post","link":"https:\/\/www.tucomarca.com\/wordpress\/segunda\/siete-aguas-celebra-este-sabado-la-xxxvi-edicion-de-su-gran-fondo\/","title":{"rendered":"Siete Aguas celebra este s\u00e1bado la XXXVI edici\u00f3n de su Gran Fondo"},"content":{"rendered":"<figure id=\"attachment_48828\" aria-describedby=\"caption-attachment-48828\" style=\"width: 300px\" class=\"wp-caption alignleft\"><a href=\"https:\/\/www.tucomarca.com\/wordpress\/segunda\/wp-content\/uploads\/2016\/08\/GranFondo.jpg\"><img loading=\"lazy\" decoding=\"async\" class=\"size-medium wp-image-48828\" title=\"GranFondo\" src=\"https:\/\/www.tucomarca.com\/wordpress\/segunda\/wp-content\/uploads\/2016\/08\/GranFondo-300x212.jpg\" alt=\"Recorrido del Gran Fondo Siete Aguas de la edici\u00f3n de este a\u00f1o.\" width=\"300\" height=\"212\" srcset=\"https:\/\/www.tucomarca.com\/wordpress\/segunda\/wp-content\/uploads\/2016\/08\/GranFondo-300x212.jpg 300w, https:\/\/www.tucomarca.com\/wordpress\/segunda\/wp-content\/uploads\/2016\/08\/GranFondo-1024x724.jpg 1024w, https:\/\/www.tucomarca.com\/wordpress\/segunda\/wp-content\/uploads\/2016\/08\/GranFondo.jpg 1376w\" sizes=\"auto, (max-width: 300px) 100vw, 300px\" \/><\/a><figcaption id=\"caption-attachment-48828\" class=\"wp-caption-text\">Recorrido del Gran Fondo Siete Aguas de la edici\u00f3n de este a\u00f1o.<\/figcaption><\/figure>\n<p>Un total de 2.200 atletas participan ma\u00f1ana s\u00e1bado, 20 de agosto, en la XXXVI edici\u00f3n del Gran Fondo Villa de Siete Aguas, una carrera ya cl\u00e1sica dentro del calendario deportivo valenciano, que adem\u00e1s forma parte del Circuito de Carreras Populares de la Diputaci\u00f3n de Valencia.<\/p>\n<p>Entre estos m\u00e1s de 2.000 atletas figuran nombres reconocidos como Juan Carlos de la Ossa, Ricardo Serrano, Jos\u00e9 Espa\u00f1a, Jawad Tougane, Ouais Zitane, Diego Fern\u00e1ndez, Jaouad Oumellal, Adil El Hand, Hicham Ettaichmi, Miguel \u00c1ngel V\u00e1zquez, Luis F\u00e9lix Mart\u00ednez, Laura M\u00e9ndez, Yamilka Gonz\u00e1lez, Cristina Gonz\u00e1lez e Isabel Checa, algunos de los cuales est\u00e1n disputando a su vez el circuito provincial con grandes opciones de quedar entre los primeros puestos.<\/p>\n<p>Junto a estos deportistas de \u00e9lite correr\u00e1n gran cantidad de atletas populares, que acuden a Siete Aguas con el principal objetivo de disfrutar de la que desde el ayuntamiento califican como \u201cla gran fiesta del deporte valenciano\u201d. Aunque no es \u00e9ste el \u00fanico sobrenombre con el que se conoce a la carrera, pues la dureza de su trazado, con una longitud total de 15.150 metros a trav\u00e9s de carreteras y caminos asfaltados con continuas pendientes, ha llevado a muchos a bautizarla como \u201cel rompepiernas\u201d.<\/p>\n<p>La diputada de Turismo, Pilar Moncho, y el presidente de la Generalitat Valenciana, Ximo Puig, participar\u00e1n en la carrera animando a los corredores junto al alcalde de la localidad, Santiago Mas, y al resto de la corporaci\u00f3n municipal. Tambi\u00e9n han confirmado su asistencia el alcalde de Godelleta y presidente de la Mancomunidad Hoya de Bu\u00f1ol-Chiva, Rafa Fora, la alcaldesa de Alborache, Paqui Collado, el alcalde de Chera, Alejandro Portero, y el alcalde de Alboraya, Miguel Chavarr\u00eda, entre otros.<\/p>\n<p>Tal y como destac\u00f3 la diputada de Deportes, Juventud e Igualdad, Isabel Garc\u00eda, durante la presentaci\u00f3n del Gran Fondo de Siete Aguas el pasado mes de julio, \u00e9sta \u201ces una de las pruebas deportivas m\u00e1s importantes del atletismo popular valenciano y apoyarla es apoyar al deporte base\u201d.<\/p>\n<p>La cita de Siete Aguas es la octava dentro del Circuito de Carreras Populares de la Diputaci\u00f3n de Valencia, que se inici\u00f3 el pasado 3 de abril y est\u00e1 compuesto por tres medias maratones, cuatro grandes fondos, un 12KM y cinco carreras 10K. Los municipios participantes este a\u00f1o son Moncada, Faura, Massamagrell, Gandia, Ll\u00edria, Canet, l\u2019Eliana, Siete Aguas, Paterna, Bu\u00f1ol, Cullera, X\u00e0tiva y Xirivella; en total 13, uno m\u00e1s que en la pasada edici\u00f3n.<\/p>\n<p>Para Isabel Garc\u00eda, el objetivo del circuito es \u201cdinamizar y vertebrar la multitud de carreras que se celebran en los municipios valencianos cada fin de semana, respetando la singularidad de cada prueba\u201d. Adem\u00e1s, la diputada de Deportes recuerda que su celebraci\u00f3n favorece el turismo deportivo ya que \u201clos atletas y sus familias se desplazan a otras localidades y pueden admirar la riqueza natural y arquitect\u00f3nica de los pueblos valencianos\u201d.<\/p>\n","protected":false},"excerpt":{"rendered":"<div class=\"mh-excerpt\">Un total de 2.200 atletas participan ma\u00f1ana s\u00e1bado, 20 de agosto, en la XXXVI edici\u00f3n del Gran Fondo Villa de Siete Aguas, una carrera ya cl\u00e1sica dentro del calendario deportivo valenciano, que adem\u00e1s forma parte <a class=\"mh-excerpt-more\" href=\"https:\/\/www.tucomarca.com\/wordpress\/segunda\/siete-aguas-celebra-este-sabado-la-xxxvi-edicion-de-su-gran-fondo\/\" title=\"Siete Aguas celebra este s\u00e1bado la XXXVI edici\u00f3n de su Gran Fondo\">[+] <\/a><\/div>\n","protected":false},"author":1,"featured_media":48828,"comment_status":"open","ping_status":"open","sticky":false,"template":"","format":"standard","meta":{"footnotes":""},"categories":[98,6,10,5,383,3,12,45],"tags":[],"class_list":{"0":"post-48827","1":"post","2":"type-post","3":"status-publish","4":"format-standard","5":"has-post-thumbnail","7":"category-atletismo","8":"category-deportes","9":"category-la-hoya","10":"category-la-semana-en-imagenes","11":"category-pueblos-en-fiestas","12":"category-seccion","13":"category-siete-aguas","14":"category-ventana"},"_links":{"self":[{"href":"https:\/\/www.tucomarca.com\/wordpress\/segunda\/wp-json\/wp\/v2\/posts\/48827","targetHints":{"allow":["GET"]}}],"collection":[{"href":"https:\/\/www.tucomarca.com\/wordpress\/segunda\/wp-json\/wp\/v2\/posts"}],"about":[{"href":"https:\/\/www.tucomarca.com\/wordpress\/segunda\/wp-json\/wp\/v2\/types\/post"}],"author":[{"embeddable":true,"href":"https:\/\/www.tucomarca.com\/wordpress\/segunda\/wp-json\/wp\/v2\/users\/1"}],"replies":[{"embeddable":true,"href":"https:\/\/www.tucomarca.com\/wordpress\/segunda\/wp-json\/wp\/v2\/comments?post=48827"}],"version-history":[{"count":0,"href":"https:\/\/www.tucomarca.com\/wordpress\/segunda\/wp-json\/wp\/v2\/posts\/48827\/revisions"}],"wp:featuredmedia":[{"embeddable":true,"href":"https:\/\/www.tucomarca.com\/wordpress\/segunda\/wp-json\/wp\/v2\/media\/48828"}],"wp:attachment":[{"href":"https:\/\/www.tucomarca.com\/wordpress\/segunda\/wp-json\/wp\/v2\/media?parent=48827"}],"wp:term":[{"taxonomy":"category","embeddable":true,"href":"https:\/\/www.tucomarca.com\/wordpress\/segunda\/wp-json\/wp\/v2\/categories?post=48827"},{"taxonomy":"post_tag","embeddable":true,"href":"https:\/\/www.tucomarca.com\/wordpress\/segunda\/wp-json\/wp\/v2\/tags?post=48827"}],"curies":[{"name":"wp","href":"https:\/\/api.w.org\/{rel}","templated":true}]}}