{"id":48878,"date":"2016-08-21T15:40:25","date_gmt":"2016-08-21T12:40:25","guid":{"rendered":"http:\/\/www.tucomarca.com\/wordpress\/segunda\/?p=48878"},"modified":"2016-08-21T15:42:18","modified_gmt":"2016-08-21T12:42:18","slug":"ximo-puig-da-el-pistoletazo-de-salida-al-gran-fondo-internacional-de-siete-aguas","status":"publish","type":"post","link":"https:\/\/www.tucomarca.com\/wordpress\/segunda\/ximo-puig-da-el-pistoletazo-de-salida-al-gran-fondo-internacional-de-siete-aguas\/","title":{"rendered":"Ximo Puig da el pistoletazo de salida al Gran Fondo Internacional de Siete Aguas"},"content":{"rendered":"<figure id=\"attachment_48879\" aria-describedby=\"caption-attachment-48879\" style=\"width: 300px\" class=\"wp-caption alignleft\"><a href=\"https:\/\/www.tucomarca.com\/wordpress\/segunda\/wp-content\/uploads\/2016\/08\/PuigSieteAguas.jpeg\"><img loading=\"lazy\" decoding=\"async\" class=\"size-medium wp-image-48879\" title=\"PuigSieteAguas\" src=\"https:\/\/www.tucomarca.com\/wordpress\/segunda\/wp-content\/uploads\/2016\/08\/PuigSieteAguas-300x215.jpg\" alt=\"Ximo Puig da el pistoletazo de salida al Gran Fondo Internacional de Siete Aguas.\" width=\"300\" height=\"215\" srcset=\"https:\/\/www.tucomarca.com\/wordpress\/segunda\/wp-content\/uploads\/2016\/08\/PuigSieteAguas-300x215.jpg 300w, https:\/\/www.tucomarca.com\/wordpress\/segunda\/wp-content\/uploads\/2016\/08\/PuigSieteAguas-1024x735.jpg 1024w, https:\/\/www.tucomarca.com\/wordpress\/segunda\/wp-content\/uploads\/2016\/08\/PuigSieteAguas.jpeg 1638w\" sizes=\"auto, (max-width: 300px) 100vw, 300px\" \/><\/a><figcaption id=\"caption-attachment-48879\" class=\"wp-caption-text\">Ximo Puig da el pistoletazo de salida al Gran Fondo Internacional de Siete Aguas.<\/figcaption><\/figure>\n<p>El President de la Generalitat, Ximo Puig, ha dado el pistoletazo de salida al Gran Fondo Internacional de Siete Aguas, una prueba que forma parte del Circuito de Carreras Populares de la Diputaci\u00f3n de Valencia y que este a\u00f1o celebra su XXXVII edici\u00f3n.<\/p>\n<p>El jefe del Consell ha remarcado que se trata de una carrera \u201cmuy unida a la propia poblaci\u00f3n\u201d, y ha destacado que constituye una iniciativa \u201cmagn\u00edfica\u201d que un municipio como Siete Aguas pueda organizar un fondo con este nivel de \u201cinternacionalidad y potencia\u201d.<\/p>\n<p>Antes del comienzo de la competici\u00f3n, el President ha realizado una visita institucional al Ayuntamiento de Siete Aguas, donde se ha reunido con los miembros de la corporaci\u00f3n municipal y ha firmado en el libro de honor de la localidad.<\/p>\n<p>&nbsp;<\/p>\n","protected":false},"excerpt":{"rendered":"<div class=\"mh-excerpt\">El President de la Generalitat, Ximo Puig, ha dado el pistoletazo de salida al Gran Fondo Internacional de Siete Aguas, una prueba que forma parte del Circuito de Carreras Populares de la Diputaci\u00f3n de Valencia <a class=\"mh-excerpt-more\" href=\"https:\/\/www.tucomarca.com\/wordpress\/segunda\/ximo-puig-da-el-pistoletazo-de-salida-al-gran-fondo-internacional-de-siete-aguas\/\" title=\"Ximo Puig da el pistoletazo de salida al Gran Fondo Internacional de Siete Aguas\">[+] <\/a><\/div>\n","protected":false},"author":1,"featured_media":48879,"comment_status":"open","ping_status":"open","sticky":false,"template":"","format":"standard","meta":{"footnotes":""},"categories":[98,6,10,3,12,45],"tags":[],"class_list":{"0":"post-48878","1":"post","2":"type-post","3":"status-publish","4":"format-standard","5":"has-post-thumbnail","7":"category-atletismo","8":"category-deportes","9":"category-la-hoya","10":"category-seccion","11":"category-siete-aguas","12":"category-ventana"},"_links":{"self":[{"href":"https:\/\/www.tucomarca.com\/wordpress\/segunda\/wp-json\/wp\/v2\/posts\/48878","targetHints":{"allow":["GET"]}}],"collection":[{"href":"https:\/\/www.tucomarca.com\/wordpress\/segunda\/wp-json\/wp\/v2\/posts"}],"about":[{"href":"https:\/\/www.tucomarca.com\/wordpress\/segunda\/wp-json\/wp\/v2\/types\/post"}],"author":[{"embeddable":true,"href":"https:\/\/www.tucomarca.com\/wordpress\/segunda\/wp-json\/wp\/v2\/users\/1"}],"replies":[{"embeddable":true,"href":"https:\/\/www.tucomarca.com\/wordpress\/segunda\/wp-json\/wp\/v2\/comments?post=48878"}],"version-history":[{"count":0,"href":"https:\/\/www.tucomarca.com\/wordpress\/segunda\/wp-json\/wp\/v2\/posts\/48878\/revisions"}],"wp:featuredmedia":[{"embeddable":true,"href":"https:\/\/www.tucomarca.com\/wordpress\/segunda\/wp-json\/wp\/v2\/media\/48879"}],"wp:attachment":[{"href":"https:\/\/www.tucomarca.com\/wordpress\/segunda\/wp-json\/wp\/v2\/media?parent=48878"}],"wp:term":[{"taxonomy":"category","embeddable":true,"href":"https:\/\/www.tucomarca.com\/wordpress\/segunda\/wp-json\/wp\/v2\/categories?post=48878"},{"taxonomy":"post_tag","embeddable":true,"href":"https:\/\/www.tucomarca.com\/wordpress\/segunda\/wp-json\/wp\/v2\/tags?post=48878"}],"curies":[{"name":"wp","href":"https:\/\/api.w.org\/{rel}","templated":true}]}}