{"id":48888,"date":"2016-08-21T15:59:52","date_gmt":"2016-08-21T12:59:52","guid":{"rendered":"http:\/\/www.tucomarca.com\/wordpress\/segunda\/?p=48888"},"modified":"2016-08-21T16:04:55","modified_gmt":"2016-08-21T13:04:55","slug":"ximo-puig-asiste-a-la-43-edicion-del-concierto-mano-a-mano-entre-las-dos-bandas-de-bunol","status":"publish","type":"post","link":"https:\/\/www.tucomarca.com\/wordpress\/segunda\/ximo-puig-asiste-a-la-43-edicion-del-concierto-mano-a-mano-entre-las-dos-bandas-de-bunol\/","title":{"rendered":"Ximo Puig asiste a la 43 edici\u00f3n del concierto \u00abMano a mano\u00bb entre las dos bandas de Bu\u00f1ol"},"content":{"rendered":"<div><span style=\"color: #333333;\"><span style=\"font-family: Arial, sans-serif;\"><span style=\"font-size: small;\"><span style=\"color: #000000;\"><span style=\"font-family: Arial, serif;\">&nbsp;<\/p>\n<figure id=\"attachment_48901\" aria-describedby=\"caption-attachment-48901\" style=\"width: 300px\" class=\"wp-caption alignleft\"><a href=\"https:\/\/www.tucomarca.com\/wordpress\/segunda\/wp-content\/uploads\/2016\/08\/manoamanopuig.jpg\"><img loading=\"lazy\" decoding=\"async\" class=\"size-medium wp-image-48901\" title=\"manoamanopuig\" src=\"https:\/\/www.tucomarca.com\/wordpress\/segunda\/wp-content\/uploads\/2016\/08\/manoamanopuig-300x180.jpg\" alt=\"El alcalde de Bu\u00f1ol, Rafa P\u00e9rez, acompa\u00f1a al President de la Generalitat, Ximo Puig, a su entrada al auditorio de Bu\u00f1ol.\" width=\"300\" height=\"180\" srcset=\"https:\/\/www.tucomarca.com\/wordpress\/segunda\/wp-content\/uploads\/2016\/08\/manoamanopuig-300x180.jpg 300w, https:\/\/www.tucomarca.com\/wordpress\/segunda\/wp-content\/uploads\/2016\/08\/manoamanopuig-1024x614.jpg 1024w, https:\/\/www.tucomarca.com\/wordpress\/segunda\/wp-content\/uploads\/2016\/08\/manoamanopuig.jpg 1181w\" sizes=\"auto, (max-width: 300px) 100vw, 300px\" \/><\/a><figcaption id=\"caption-attachment-48901\" class=\"wp-caption-text\">El alcalde de Bu\u00f1ol, Rafa P\u00e9rez, acompa\u00f1a al President de la Generalitat, Ximo Puig, a su entrada al auditorio de Bu\u00f1ol.<\/figcaption><\/figure>\n<p>El President de la Generalitat, Ximo Puig, ha asistido a la 43\u00aa edici\u00f3n del &#8216;Mano a mano&#8217;, un concierto <span style=\"color: #333333;\"><span style=\"font-family: Arial, sans-serif;\"><span style=\"font-size: small;\"><span style=\"color: #000000;\"><span style=\"font-family: Arial, serif;\">en el que anualmente participan<\/span><\/span><\/span><\/span><\/span><span style=\"color: #333333;\"><span style=\"font-family: Arial, sans-serif;\"><span style=\"font-size: small;\"><span style=\"color: #000000;\"><span style=\"font-family: Arial, serif;\"> la Sociedad Musical \u00abLa Art\u00edstica\u00bb y el Centro Instructivo Musical \u00ab<\/span><\/span><\/span><\/span><\/span><span style=\"color: #333333;\"><span style=\"font-family: Arial, sans-serif;\"><span style=\"font-size: small;\"><span style=\"color: #000000;\"><span style=\"font-family: Arial, serif;\">La Arm\u00f3nica\u00bb.<\/span><\/span><\/span><\/span><\/span><\/p>\n<p><\/span><\/span><\/span><\/span><\/span><\/div>\n<p><span style=\"color: #333333;\"><span style=\"font-family: Arial, sans-serif;\"><span style=\"font-size: small;\"><span style=\"color: #000000;\"><span style=\"font-family: Arial, serif;\">Durante su visita, <\/span><\/span><\/span><\/span><\/span><span style=\"color: #333333;\"><span style=\"font-family: Arial, sans-serif;\"><span style=\"font-size: small;\"><span style=\"color: #000000;\"><span style=\"font-family: Arial, serif;\">Puig ha dado las gracias al Ayuntamiento de Bu\u00f1ol por su invitaci\u00f3n para compartir un a\u00f1o m\u00e1s el &#8216;Mano a mano&#8217;, un certamen que, como ha destacado, \u00abescribe el valor de la cultura en el lenguaje universal de la m\u00fasica\u00bb.<\/span><\/span><\/span><\/span><\/span><\/p>\n<p><span style=\"color: #333333;\"><span style=\"font-family: Arial, sans-serif;\"><span style=\"font-size: small;\"><span style=\"color: #000000;\"><span style=\"font-family: Arial, serif;\">Asimismo, el President de la Generalitat ha puesto de manifiesto la importancia de la m\u00fasica para el pueblo valenciano.\u00bbNada nos une m\u00e1s a los valencianos que la m\u00fasica y la voluntad de construir un futuro de trabajo, igualdad y libertad\u00bb ha asegurado.<\/span><\/span><\/span><\/span><\/span><\/p>\n<p><span style=\"color: #4c4c4c;\"><span style=\"font-family: Arial, sans-serif;\"><span style=\"font-size: small;\"><span style=\"color: #000000;\"><span style=\"font-family: Arial, serif;\">Antes del espect\u00e1culo en el <\/span><\/span><\/span><\/span><\/span><span style=\"color: #4c4c4c;\"><span style=\"font-family: Arial, sans-serif;\"><span style=\"font-size: small;\"><span style=\"color: #333333;\"><span style=\"font-family: Arial, serif;\">Auditorio Municipal, el jefe del Conse<\/span><\/span><\/span><\/span><\/span><span style=\"color: #4c4c4c;\"><span style=\"font-family: Arial, sans-serif;\"><span style=\"font-size: small;\"><span style=\"color: #000000;\"><span style=\"font-family: Arial, serif;\">ll<\/span><\/span><\/span><\/span><\/span><span style=\"color: #333333;\"><span style=\"font-family: Arial, sans-serif;\"><span style=\"font-size: small;\"><span style=\"color: #000000;\"><span style=\"font-family: Arial, serif;\"> ha realizado una visita institucional <\/span><\/span><\/span><\/span><\/span><span style=\"color: #333333;\"><span style=\"font-family: Arial, sans-serif;\"><span style=\"font-size: small;\"><span style=\"color: #000000;\"><span style=\"font-family: Arial, serif;\">y<\/span><\/span><\/span><\/span><\/span><span style=\"color: #333333;\"><span style=\"font-family: Arial, sans-serif;\"><span style=\"font-size: small;\"><span style=\"color: #000000;\"><span style=\"font-family: Arial, serif;\"> ha firmado en el libro de honor de la localidad.<\/span><\/span><\/span><\/span><\/span><\/p>\n<p><span style=\"color: #333333;\"><span style=\"font-family: Arial, sans-serif;\"><span style=\"font-size: small;\"><span style=\"color: #000000;\"><span style=\"font-family: Arial, serif;\">El President ha estado acompa\u00f1ado adem\u00e1s durante su visita de de la Secretaria Auton\u00f3mica de Modelo Auton\u00f3mico y Financiaci\u00f3n.<\/span><\/span><\/span><\/span><\/span><\/p>\n<p><span style=\"color: #333333;\"><span style=\"font-family: Arial, sans-serif;\"><span style=\"font-size: small;\"><span style=\"color: #000000;\"><span style=\"font-family: Arial, serif;\">La nota discordante de la velada fue la aparici\u00f3n de la lluvia, que oblig\u00f3 a finalizar antes de tiempo la actuaci\u00f3n del CIM \u00abLa Arm\u00f3nica\u00bb de Bu\u00f1ol, sin que se pudiese tampoco interpretar el Himno a Bu\u00f1ol, como cierre del evento.<\/span><\/span><\/span><\/span><\/span><\/p>\n<p><span style=\"color: #333333;\"><span style=\"font-family: Arial, sans-serif;\"><span style=\"font-size: small;\"><span style=\"color: #000000;\"><span style=\"font-family: Arial, serif;\">M\u00e1s informaci\u00f3n e im\u00e1genes, en la edici\u00f3n impresa de esta semana de <strong>tucomarca.com<\/strong> (n\u00ba 666).<\/span><\/span><\/span><\/span><\/span><\/p>\n","protected":false},"excerpt":{"rendered":"<div class=\"mh-excerpt\">&nbsp; El President de la Generalitat, Ximo Puig, ha asistido a la 43\u00aa edici\u00f3n del &#8216;Mano a mano&#8217;, un concierto en el que anualmente participan la Sociedad Musical \u00abLa Art\u00edstica\u00bb y el Centro Instructivo Musical <a class=\"mh-excerpt-more\" href=\"https:\/\/www.tucomarca.com\/wordpress\/segunda\/ximo-puig-asiste-a-la-43-edicion-del-concierto-mano-a-mano-entre-las-dos-bandas-de-bunol\/\" title=\"Ximo Puig asiste a la 43 edici\u00f3n del concierto \u00abMano a mano\u00bb entre las dos bandas de Bu\u00f1ol\">[+] <\/a><\/div>\n","protected":false},"author":1,"featured_media":48901,"comment_status":"open","ping_status":"open","sticky":false,"template":"","format":"standard","meta":{"footnotes":""},"categories":[18,66,10,7,3,45],"tags":[],"class_list":{"0":"post-48888","1":"post","2":"type-post","3":"status-publish","4":"format-standard","5":"has-post-thumbnail","7":"category-bunol","8":"category-musica","9":"category-la-hoya","10":"category-ocio-y-cultura","11":"category-seccion","12":"category-ventana"},"_links":{"self":[{"href":"https:\/\/www.tucomarca.com\/wordpress\/segunda\/wp-json\/wp\/v2\/posts\/48888","targetHints":{"allow":["GET"]}}],"collection":[{"href":"https:\/\/www.tucomarca.com\/wordpress\/segunda\/wp-json\/wp\/v2\/posts"}],"about":[{"href":"https:\/\/www.tucomarca.com\/wordpress\/segunda\/wp-json\/wp\/v2\/types\/post"}],"author":[{"embeddable":true,"href":"https:\/\/www.tucomarca.com\/wordpress\/segunda\/wp-json\/wp\/v2\/users\/1"}],"replies":[{"embeddable":true,"href":"https:\/\/www.tucomarca.com\/wordpress\/segunda\/wp-json\/wp\/v2\/comments?post=48888"}],"version-history":[{"count":0,"href":"https:\/\/www.tucomarca.com\/wordpress\/segunda\/wp-json\/wp\/v2\/posts\/48888\/revisions"}],"wp:featuredmedia":[{"embeddable":true,"href":"https:\/\/www.tucomarca.com\/wordpress\/segunda\/wp-json\/wp\/v2\/media\/48901"}],"wp:attachment":[{"href":"https:\/\/www.tucomarca.com\/wordpress\/segunda\/wp-json\/wp\/v2\/media?parent=48888"}],"wp:term":[{"taxonomy":"category","embeddable":true,"href":"https:\/\/www.tucomarca.com\/wordpress\/segunda\/wp-json\/wp\/v2\/categories?post=48888"},{"taxonomy":"post_tag","embeddable":true,"href":"https:\/\/www.tucomarca.com\/wordpress\/segunda\/wp-json\/wp\/v2\/tags?post=48888"}],"curies":[{"name":"wp","href":"https:\/\/api.w.org\/{rel}","templated":true}]}}