{"id":48906,"date":"2016-08-21T19:56:56","date_gmt":"2016-08-21T16:56:56","guid":{"rendered":"http:\/\/www.tucomarca.com\/wordpress\/segunda\/?p=48906"},"modified":"2016-08-21T19:56:56","modified_gmt":"2016-08-21T16:56:56","slug":"la-turisana-elena-lopez-benaches-medalla-de-plata-con-la-seleccion-espanola-de-gimnasia-ritmica","status":"publish","type":"post","link":"https:\/\/www.tucomarca.com\/wordpress\/segunda\/la-turisana-elena-lopez-benaches-medalla-de-plata-con-la-seleccion-espanola-de-gimnasia-ritmica\/","title":{"rendered":"La turisana Elena L\u00f3pez Benaches, medalla de plata con la Selecci\u00f3n Espa\u00f1ola de Gimnasia R\u00edtmica"},"content":{"rendered":"<figure id=\"attachment_48910\" aria-describedby=\"caption-attachment-48910\" style=\"width: 300px\" class=\"wp-caption alignleft\"><a href=\"https:\/\/www.tucomarca.com\/wordpress\/segunda\/wp-content\/uploads\/2016\/08\/gimnasiaritmica.jpg\"><img loading=\"lazy\" decoding=\"async\" class=\"size-medium wp-image-48910\" title=\"gimnasiaritmica\" src=\"https:\/\/www.tucomarca.com\/wordpress\/segunda\/wp-content\/uploads\/2016\/08\/gimnasiaritmica-300x138.jpg\" alt=\"La gimnasta turisana Elena L\u00f3pez (la primera por la derecha) con sus compa\u00f1eras en R\u00edo.\" width=\"300\" height=\"138\" srcset=\"https:\/\/www.tucomarca.com\/wordpress\/segunda\/wp-content\/uploads\/2016\/08\/gimnasiaritmica-300x138.jpg 300w, https:\/\/www.tucomarca.com\/wordpress\/segunda\/wp-content\/uploads\/2016\/08\/gimnasiaritmica.jpg 768w\" sizes=\"auto, (max-width: 300px) 100vw, 300px\" \/><\/a><figcaption id=\"caption-attachment-48910\" class=\"wp-caption-text\">La gimnasta turisana Elena L\u00f3pez (la primera por la derecha) con sus compa\u00f1eras en R\u00edo.<\/figcaption><\/figure>\n<p>La turisana Elena L\u00f3pez Benaches, integrante del conjunto espa\u00f1ol de gimnasia r\u00edtmica, ha conseguido la medalla de plata\u00a0en la final por equipos de los Juegos Ol\u00edmpicos de R\u00edo 2016 tras dos rutinas casi perfectas, que han obtenido el aplauso del p\u00fablico brasile\u00f1o y el reconocimiento de los jueces.<\/p>\n<p>Elena L\u00f3pez Benaches es una gimnasta r\u00edtmica espa\u00f1ola, subcampeona ol\u00edmpica en los Juegos Ol\u00edmpicos de R\u00edo 2016, bicampeona del mundo de 10 mazas y 4\u00aa en los Juegos Ol\u00edmpicos de Londres 2012 con el conjunto espa\u00f1ol.<\/p>\n<p>Las gimnastas espa\u00f1olas\u00a0acabaron la primera rutina de aros con una nota de 17.800\u00a0en primera posici\u00f3n, por delante de las b\u00falgaras y las rusas.\u00a0En la segunda rutina, de mazas y aros, lograron una puntuaci\u00f3n de\u00a017.966, cifra que\u00a0superaron las rusas con 18.633 para colgarse la medalla de oro.<\/p>\n<p>En<strong> <\/strong>esa segunda rutina, peleaban tambi\u00e9n las b\u00falgaras que hab\u00edan acabado la primera rutina en segunda posici\u00f3n. Realizaron el \u00faltimo ejercicio de todas las participantes que obtuvo una puntuaci\u00f3n de 18.066\u00a0y dejaba a Espa\u00f1a definitivamente en la\u00a0segunda plaza con una puntuaci\u00f3n final de 35.766<\/p>\n<p>Espa\u00f1a, se queda a un paso de su m\u00e1ximo logro en unos Juegos como fue el oro ol\u00edmpico en Atlanta 96&#8242;<\/p>\n<p>Alejandra Quereda, Lourdes Mohedano, Elena L\u00f3pez, Sandra Aguilar, toda ellas ya &#8216;conjunteras&#8217; en los Juegos de Londres, y la debutante Artemi Gavezou dan a Espa\u00f1a su decimoquinta medalla de estos Juegos.<\/p>\n<p>&nbsp;<\/p>\n","protected":false},"excerpt":{"rendered":"<div class=\"mh-excerpt\">La turisana Elena L\u00f3pez Benaches, integrante del conjunto espa\u00f1ol de gimnasia r\u00edtmica, ha conseguido la medalla de plata\u00a0en la final por equipos de los Juegos Ol\u00edmpicos de R\u00edo 2016 tras dos rutinas casi perfectas, que <a class=\"mh-excerpt-more\" href=\"https:\/\/www.tucomarca.com\/wordpress\/segunda\/la-turisana-elena-lopez-benaches-medalla-de-plata-con-la-seleccion-espanola-de-gimnasia-ritmica\/\" title=\"La turisana Elena L\u00f3pez Benaches, medalla de plata con la Selecci\u00f3n Espa\u00f1ola de Gimnasia R\u00edtmica\">[+] <\/a><\/div>\n","protected":false},"author":1,"featured_media":48910,"comment_status":"open","ping_status":"open","sticky":false,"template":"","format":"standard","meta":{"footnotes":""},"categories":[6,72,42,199,3,43,45],"tags":[],"class_list":{"0":"post-48906","1":"post","2":"type-post","3":"status-publish","4":"format-standard","5":"has-post-thumbnail","7":"category-deportes","8":"category-sin-categorizar","9":"category-la-ribera","10":"category-polideportivo","11":"category-seccion","12":"category-turis","13":"category-ventana"},"_links":{"self":[{"href":"https:\/\/www.tucomarca.com\/wordpress\/segunda\/wp-json\/wp\/v2\/posts\/48906","targetHints":{"allow":["GET"]}}],"collection":[{"href":"https:\/\/www.tucomarca.com\/wordpress\/segunda\/wp-json\/wp\/v2\/posts"}],"about":[{"href":"https:\/\/www.tucomarca.com\/wordpress\/segunda\/wp-json\/wp\/v2\/types\/post"}],"author":[{"embeddable":true,"href":"https:\/\/www.tucomarca.com\/wordpress\/segunda\/wp-json\/wp\/v2\/users\/1"}],"replies":[{"embeddable":true,"href":"https:\/\/www.tucomarca.com\/wordpress\/segunda\/wp-json\/wp\/v2\/comments?post=48906"}],"version-history":[{"count":0,"href":"https:\/\/www.tucomarca.com\/wordpress\/segunda\/wp-json\/wp\/v2\/posts\/48906\/revisions"}],"wp:featuredmedia":[{"embeddable":true,"href":"https:\/\/www.tucomarca.com\/wordpress\/segunda\/wp-json\/wp\/v2\/media\/48910"}],"wp:attachment":[{"href":"https:\/\/www.tucomarca.com\/wordpress\/segunda\/wp-json\/wp\/v2\/media?parent=48906"}],"wp:term":[{"taxonomy":"category","embeddable":true,"href":"https:\/\/www.tucomarca.com\/wordpress\/segunda\/wp-json\/wp\/v2\/categories?post=48906"},{"taxonomy":"post_tag","embeddable":true,"href":"https:\/\/www.tucomarca.com\/wordpress\/segunda\/wp-json\/wp\/v2\/tags?post=48906"}],"curies":[{"name":"wp","href":"https:\/\/api.w.org\/{rel}","templated":true}]}}