{"id":4938,"date":"2012-07-03T12:22:00","date_gmt":"2012-07-03T10:22:00","guid":{"rendered":"http:\/\/www.tucomarca.com\/wordpress\/segunda\/?p=4938"},"modified":"2012-07-03T12:22:00","modified_gmt":"2012-07-03T10:22:00","slug":"el-psoe-pide-en-el-congreso-ayudas-directas-para-paliar-los-danos-causados-por-los-incendios","status":"publish","type":"post","link":"https:\/\/www.tucomarca.com\/wordpress\/segunda\/el-psoe-pide-en-el-congreso-ayudas-directas-para-paliar-los-danos-causados-por-los-incendios\/","title":{"rendered":"El PSOE pide en el Congreso ayudas directas para paliar los da\u00f1os causados por los incendios"},"content":{"rendered":"<p>El Grupo Parlamentario Socialista (GPS) en el Congreso ha registrado hoy una Proposici\u00f3n no de Ley en la que insta al Gobierno a que establezca inmediatamente \u201cun sistema de ayudas directas que palien los da\u00f1os producidos por los incendios\u201d. Leire Paj\u00edn y Ximo Puig, firmantes de la iniciativa y diputados por la Comunidad valenciana, tambi\u00e9n solicitan que el Ejecutivo impida edificar sobre terreno quemado si no se pod\u00eda hacer con anterioridad.<\/p>\n<p>La proposici\u00f3n explica que las ayudas tengan en consideraci\u00f3n \u201cel grado de protecci\u00f3n medioambiental del terreno quemado\u201d y, en todo caso, al menos, las medidas que se aprobaron en marzo 2010 sobre \u201cpara paliar los da\u00f1os producidos por los incendios forestales y otras cat\u00e1strofes naturales ocurridos en varias CCAA\u201d.\u00a0 Tambi\u00e9n reclama que el Ejecutivo active la petici\u00f3n al fondo de solidaridad de la UE por cat\u00e1strofe natural.<br \/>\nAsimismo, la iniciativa Paj\u00edn y Puig reivindica que el Gobierno garantice la aplicaci\u00f3n de la Ley de Montes \u201cpara evitar cualquier actuaci\u00f3n especulativa en relaci\u00f3n con la zona siniestrada, impidiendo, en todo caso, que se pueda edificar sobre terreno quemado sino se pod\u00eda hacer con anterioridad\u201d.<\/p>\n<p>Por otra parte, el GPS propone que el Ejecutivo fomente e impulse \u201cuna pol\u00edtica p\u00fablica y suficiente de prevenci\u00f3n y extinci\u00f3n de incendios forestales en colaboraci\u00f3n y, en su caso, coordinaci\u00f3n con las CCAA. En este sentido, la proposici\u00f3n pide, entre otras cuestiones, que el Comit\u00e9 Estatal de Coordinaci\u00f3n de Incendios Forestales (CECO) est\u00e9 convocado de manera permanente, que est\u00e9n activados los protocolos y planes de prevenci\u00f3n y lucha contra incendios, que el Gobierno central re\u00fana inmediatamente a las CCAA para coordinar la actuaci\u00f3n de las administraciones y haya un incremento permanente de la aportaci\u00f3n estatal en medios materiales y personales para la prevenci\u00f3n y extinci\u00f3n de incendios.<\/p>\n<p>Algunas de las propuestas incluidas en esta iniciativa, estaban incluidas en una Proposici\u00f3n no de Ley que el GPS present\u00f3 el pasado mes de marzo tras la alerta de de la Agencia Estatal de Meteorolog\u00eda (EMT) de que Espa\u00f1a hab\u00eda entrado en un periodo de sequ\u00eda severa despu\u00e9s de que, por aquellas fechas, se produjera un n\u00famero excepcional de incendios forestales en varias provincias. Hace un mes, en la Comisi\u00f3n de Agricultura, Alimentaci\u00f3n y Medio Ambiente la mayor\u00eda del Partido Popular fue suficiente para rechazar las propuestas rese\u00f1adas.<\/p>\n","protected":false},"excerpt":{"rendered":"<div class=\"mh-excerpt\">El Grupo Parlamentario Socialista (GPS) en el Congreso ha registrado hoy una Proposici\u00f3n no de Ley en la que insta al Gobierno a que establezca inmediatamente \u201cun sistema de ayudas directas que palien los da\u00f1os <a class=\"mh-excerpt-more\" href=\"https:\/\/www.tucomarca.com\/wordpress\/segunda\/el-psoe-pide-en-el-congreso-ayudas-directas-para-paliar-los-danos-causados-por-los-incendios\/\" title=\"El PSOE pide en el Congreso ayudas directas para paliar los da\u00f1os causados por los incendios\">[+] <\/a><\/div>\n","protected":false},"author":1,"featured_media":0,"comment_status":"open","ping_status":"open","sticky":false,"template":"","format":"standard","meta":{"footnotes":""},"categories":[40,8,10,3,116],"tags":[],"class_list":{"0":"post-4938","1":"post","2":"type-post","3":"status-publish","4":"format-standard","6":"category-cortes-de-pallas","7":"category-la-comarca","8":"category-la-hoya","9":"category-seccion","10":"category-sucesos-la-comarca"},"_links":{"self":[{"href":"https:\/\/www.tucomarca.com\/wordpress\/segunda\/wp-json\/wp\/v2\/posts\/4938","targetHints":{"allow":["GET"]}}],"collection":[{"href":"https:\/\/www.tucomarca.com\/wordpress\/segunda\/wp-json\/wp\/v2\/posts"}],"about":[{"href":"https:\/\/www.tucomarca.com\/wordpress\/segunda\/wp-json\/wp\/v2\/types\/post"}],"author":[{"embeddable":true,"href":"https:\/\/www.tucomarca.com\/wordpress\/segunda\/wp-json\/wp\/v2\/users\/1"}],"replies":[{"embeddable":true,"href":"https:\/\/www.tucomarca.com\/wordpress\/segunda\/wp-json\/wp\/v2\/comments?post=4938"}],"version-history":[{"count":0,"href":"https:\/\/www.tucomarca.com\/wordpress\/segunda\/wp-json\/wp\/v2\/posts\/4938\/revisions"}],"wp:attachment":[{"href":"https:\/\/www.tucomarca.com\/wordpress\/segunda\/wp-json\/wp\/v2\/media?parent=4938"}],"wp:term":[{"taxonomy":"category","embeddable":true,"href":"https:\/\/www.tucomarca.com\/wordpress\/segunda\/wp-json\/wp\/v2\/categories?post=4938"},{"taxonomy":"post_tag","embeddable":true,"href":"https:\/\/www.tucomarca.com\/wordpress\/segunda\/wp-json\/wp\/v2\/tags?post=4938"}],"curies":[{"name":"wp","href":"https:\/\/api.w.org\/{rel}","templated":true}]}}