{"id":4940,"date":"2012-07-03T12:26:39","date_gmt":"2012-07-03T10:26:39","guid":{"rendered":"http:\/\/www.tucomarca.com\/wordpress\/segunda\/?p=4940"},"modified":"2012-07-03T12:31:49","modified_gmt":"2012-07-03T10:31:49","slug":"el-ministro-del-interior-preside-la-reunion-de-coordinacion-con-motivo-de-los-incendios-forestales","status":"publish","type":"post","link":"https:\/\/www.tucomarca.com\/wordpress\/segunda\/el-ministro-del-interior-preside-la-reunion-de-coordinacion-con-motivo-de-los-incendios-forestales\/","title":{"rendered":"El Ministro del Interior preside la reuni\u00f3n de coordinaci\u00f3n con motivo de los incendios forestales"},"content":{"rendered":"<p>El President de la Generalitat, Alberto Fabra, y el Ministro de Interior, Jorge Fern\u00e1ndez D\u00edaz, han presidido la reuni\u00f3n de coordinaci\u00f3n con motivo de los incendios que han afectado a la Comunitat Valenciana en los \u00faltimos d\u00edas.<\/p>\n<p>A la reuni\u00f3n han asistido miembros del Consell con competencias en la materia y representantes de las Diputaciones de Valencia y Castell\u00f3n.<\/p>\n","protected":false},"excerpt":{"rendered":"<div class=\"mh-excerpt\">El President de la Generalitat, Alberto Fabra, y el Ministro de Interior, Jorge Fern\u00e1ndez D\u00edaz, han presidido la reuni\u00f3n de coordinaci\u00f3n con motivo de los incendios que han afectado a la Comunitat Valenciana en los <a class=\"mh-excerpt-more\" href=\"https:\/\/www.tucomarca.com\/wordpress\/segunda\/el-ministro-del-interior-preside-la-reunion-de-coordinacion-con-motivo-de-los-incendios-forestales\/\" title=\"El Ministro del Interior preside la reuni\u00f3n de coordinaci\u00f3n con motivo de los incendios forestales\">[+] <\/a><\/div>\n","protected":false},"author":1,"featured_media":4941,"comment_status":"open","ping_status":"open","sticky":false,"template":"","format":"standard","meta":{"footnotes":""},"categories":[19,191,155,41,15,8,10,42,47,97,59,13,161,3,116,159,43,45,11],"tags":[],"class_list":{"0":"post-4940","1":"post","2":"type-post","3":"status-publish","4":"format-standard","5":"has-post-thumbnail","7":"category-alborache","8":"category-andilla","9":"category-catadau","10":"category-cofrentes","11":"category-dos-aguas","12":"category-la-comarca","13":"category-la-hoya","14":"category-la-ribera","15":"category-lliria","16":"category-llombai","17":"category-los-serranos","18":"category-macastre","19":"category-real-de-montroi","20":"category-seccion","21":"category-sucesos-la-comarca","22":"category-tous","23":"category-turis","24":"category-ventana","25":"category-yatova"},"_links":{"self":[{"href":"https:\/\/www.tucomarca.com\/wordpress\/segunda\/wp-json\/wp\/v2\/posts\/4940","targetHints":{"allow":["GET"]}}],"collection":[{"href":"https:\/\/www.tucomarca.com\/wordpress\/segunda\/wp-json\/wp\/v2\/posts"}],"about":[{"href":"https:\/\/www.tucomarca.com\/wordpress\/segunda\/wp-json\/wp\/v2\/types\/post"}],"author":[{"embeddable":true,"href":"https:\/\/www.tucomarca.com\/wordpress\/segunda\/wp-json\/wp\/v2\/users\/1"}],"replies":[{"embeddable":true,"href":"https:\/\/www.tucomarca.com\/wordpress\/segunda\/wp-json\/wp\/v2\/comments?post=4940"}],"version-history":[{"count":0,"href":"https:\/\/www.tucomarca.com\/wordpress\/segunda\/wp-json\/wp\/v2\/posts\/4940\/revisions"}],"wp:featuredmedia":[{"embeddable":true,"href":"https:\/\/www.tucomarca.com\/wordpress\/segunda\/wp-json\/wp\/v2\/media\/4941"}],"wp:attachment":[{"href":"https:\/\/www.tucomarca.com\/wordpress\/segunda\/wp-json\/wp\/v2\/media?parent=4940"}],"wp:term":[{"taxonomy":"category","embeddable":true,"href":"https:\/\/www.tucomarca.com\/wordpress\/segunda\/wp-json\/wp\/v2\/categories?post=4940"},{"taxonomy":"post_tag","embeddable":true,"href":"https:\/\/www.tucomarca.com\/wordpress\/segunda\/wp-json\/wp\/v2\/tags?post=4940"}],"curies":[{"name":"wp","href":"https:\/\/api.w.org\/{rel}","templated":true}]}}