{"id":4946,"date":"2012-07-03T12:33:40","date_gmt":"2012-07-03T10:33:40","guid":{"rendered":"http:\/\/www.tucomarca.com\/wordpress\/segunda\/?p=4946"},"modified":"2012-07-03T12:33:40","modified_gmt":"2012-07-03T10:33:40","slug":"el-paro-se-ha-reducido-en-9-104-personas-lo-que-situa-a-la-comunitat-como-la-cuarta-autonomia-donde-mas-desciende","status":"publish","type":"post","link":"https:\/\/www.tucomarca.com\/wordpress\/segunda\/el-paro-se-ha-reducido-en-9-104-personas-lo-que-situa-a-la-comunitat-como-la-cuarta-autonomia-donde-mas-desciende\/","title":{"rendered":"El paro se ha reducido en 9.104 personas, lo que sit\u00faa a la Comunitat como la cuarta autonom\u00eda donde m\u00e1s desciende"},"content":{"rendered":"<p>La consellera de Educaci\u00f3n, Formaci\u00f3n y Empleo, Mar\u00eda Jos\u00e9 Catal\u00e0, ha anunciado que durante el \u00faltimo mes se ha producido el segundo mayor descenso del paro registrado en un mes de junio en la Comunitat Valenciana de toda la serie hist\u00f3rica, es decir desde 1977.<\/p>\n<p>Catal\u00e0 ha valorado positivamente los datos de paro registrado correspondientes al mes de junio de 2012, publicados esta ma\u00f1ana por el Ministerio de\u00a0 Empleo y Seguridad Social, seg\u00fan los cuales el desempleo ha descendido en la Comunitat Valenciana durante el mes de junio en 9.104 desempleados respecto al mes de mayo, es decir un 1,59%. Estas cifras sit\u00faan a la Comunitat como la cuarta autonom\u00eda donde m\u00e1s desciende el paro, s\u00f3lo por detr\u00e1s de Andaluc\u00eda, Catalu\u00f1a y Castilla Le\u00f3n.<\/p>\n<p>Adem\u00e1s, baja el paro por segundo mes consecutivo, acumulando un descenso de m\u00e1s de 11.537 parados menos entre mayo y junio.<\/p>\n<p>Seg\u00fan ha explicado, \u201cestos datos confirman la tendencia a la baja en el n\u00famero de parados iniciada el pasado mes de mayo, lo que nos debe motivar a\u00fan m\u00e1s para continuar trabajando en la misma direcci\u00f3n y seguir creando empleo, lo que constituye una de las prioridades m\u00e1ximas de la Generalitat\u201d.<\/p>\n<p>En cuanto a los datos interanuales, la Comunitat es la tercera autonom\u00eda donde menor crecimiento del paro se produce, dado que aumenta un 8,66%, es decir 3,3 puntos porcentuales menos que la media de Espa\u00f1a, y s\u00f3lo Catalu\u00f1a y Baleares registran una subida menos que la Comunitat Valenciana.<\/p>\n<p><strong>Mayor descenso del paro juvenil<\/strong><\/p>\n<p>De igual manera, la Consellera tambi\u00e9n ha destacado los datos registrados del desempleo juvenil, donde cae el paro durante el mes de junio respecto al mes anterior en un 7%, con 3.908 parados menos, entre los j\u00f3venes menores de 25 a\u00f1os. Este descenso tambi\u00e9n es el segundo mejor comportamiento registrado en un mes de junio desde que se recogen datos de paro. Asimismo, la Consellera ha se\u00f1alado que la Comunitat Valenciana ha registrado en el \u00faltimo a\u00f1o el mayor descenso del paro juvenil en Espa\u00f1a, con una reducci\u00f3n del 5,1%.<\/p>\n<p>Este dato contrasta con la situaci\u00f3n en el resto de Espa\u00f1a, donde el paro juvenil aumenta en un 6,2%, dado que tan s\u00f3lo Catalu\u00f1a y la Comunitat Valenciana experimentan un descenso del desempleo entre los j\u00f3venes.<\/p>\n<p>Dicha l\u00ednea descendente es a\u00fan m\u00e1s significativa, si se tiene en cuenta que en los \u00faltimos 19 meses s\u00f3lo subi\u00f3 el paro juvenil en el mes de diciembre, contrastando con el incremento que se viene produciendo durante esos meses en el conjunto de Espa\u00f1a.<\/p>\n<p>Estos datos de evoluci\u00f3n de paro juvenil, en opini\u00f3n de la consellera, confirman que la\u00a0 HYPERLINK \u00abhttp:\/\/www.comunitatvalenciana.es\/\u00bbComunitat Valenciana \u201cha tomado la senda del crecimiento, y que el Consell ha acertado en las medidas que ha puesto en marcha para relanzar la actividad econ\u00f3mica y la creaci\u00f3n de empleo, como la ley de Apoyo a Emprendedores y el Plan de Empleo Joven\u201d.<\/p>\n<p><strong>Aumento de los aut\u00f3nomos<\/strong><\/p>\n<p>Asimismo, aumenta el n\u00famero de aut\u00f3nomos por quinto mes consecutivo. \u201cEn junio existen 471 aut\u00f3nomos m\u00e1s que en el mes anterior, lo que nos sit\u00faa como la tercera regi\u00f3n espa\u00f1ola con el mayor incremento de aut\u00f3nomos en el mes de junio\u201d, ha explicado Catal\u00e0.<\/p>\n<p>Por lo que respecta a la contrataci\u00f3n, se ha producido un incremento de 4.990 contratos en la Comunitat en el \u00faltimo mes, lo que supone un 4,54% m\u00e1s. En concreto, en la provincia de Alicante, la contrataci\u00f3n ha subida en 2.688, es decir un 7%; en la provincia de Castell\u00f3n se han realizado 743 contratos m\u00e1s, lo que supone un incremento del 5,9%; y en la de Valencia ha subido en 1.559, es decir un 2,7%.<\/p>\n<p>En cuanto a las afiliaciones a la Seguridad Social en junio alcanza la cifra de 1.599.460, que suponen 7.464 afiliados menos que el mes anterior, un -0,46%. No obstante, a nivel provincial la afiliaci\u00f3n ha crecido en la provincia de Alicante con un crecimiento del 0,56%, y 3.028 afiliados, mientras que ha disminuido en Castell\u00f3n (-0,55%) y Valencia (-1%).<\/p>\n<p>Descenso del paro por provincias<\/p>\n<p>Por provincias, el paro se reduce principalmente en Alicante, donde se produce un descenso de 5.660 parados, es decir un 2,5% con respecto al mes anterior. En la provincia de Castell\u00f3n, el descenso ha sido de 1.643 personas, es decir un 2,5% con respecto a mayo, y en Valencia el n\u00famero de parados ha descendido un 0,6%, es decir 1.801 menos.<\/p>\n<p>En cuanto al paro juvenil, desciende un 8,5% en Alicante, con 1.748 parados menos; un 7,5% en Castell\u00f3n con un descenso de 527 parados, y un 5,7% de reducci\u00f3n del paro juvenil en Valencia con 1.633 desempleados menos.<\/p>\n<p>Adem\u00e1s, entre la poblaci\u00f3n de 25 a 44 a\u00f1os, tambi\u00e9n se reduce el desempleo un 1,85%, con 5.467 desempleados menos, y por el contrario, aumenta con escasa intensidad en los mayores de 45 a\u00f1os con 271 parados m\u00e1s, un 0,1%.<\/p>\n<p>El paro tambi\u00e9n baja tanto en varones como en mujeres, siendo el descenso de 5.895 parados menos en el caso de los hombres, es decir del 2%, y de 3.209 mujeres paradas menos, un 1,1%, con respecto al mes de mayo.<\/p>\n<p><strong>Sectores <\/strong><\/p>\n<p>Respecto de los datos hechos p\u00fablicos por el ministerio de Trabajo e Inmigraci\u00f3n por sectores, se produce un descenso, respecto al mes anterior, en todos los sectores de actividad, salvo en el de la agricultura.<\/p>\n<p>Se ha producido un descenso con especial incidencia en el colectivo sin empleo anterior, donde se reduce el paro en 1.390 personas (-3,66%) y baja por encima del punto y medio por ciento en los dem\u00e1s sectores econ\u00f3micos: industria -1,71%, con 1.563 parados menos; servicios -1,64%, con 5.510 desempleados menos y construcci\u00f3n -1,58%, con 1.428 trabajadores m\u00e1s.<\/p>\n<p>En el \u00faltimo a\u00f1o, somos la comunidad aut\u00f3noma espa\u00f1ola donde m\u00e1s ha bajado en paro en el sector de la construcci\u00f3n y en el colectivo Sin Empleo Anterior, colectivo especialmente enlazado con los j\u00f3venes. En concreto, el paro ha bajado en la construcci\u00f3n en 1.703 desempleados menos, es decir un 1,88%, y en el colectivo sin empleo anterior en 824 parados menos, lo que supone una reducci\u00f3n del 2,2%.<\/p>\n","protected":false},"excerpt":{"rendered":"<div class=\"mh-excerpt\">La consellera de Educaci\u00f3n, Formaci\u00f3n y Empleo, Mar\u00eda Jos\u00e9 Catal\u00e0, ha anunciado que durante el \u00faltimo mes se ha producido el segundo mayor descenso del paro registrado en un mes de junio en la Comunitat <a class=\"mh-excerpt-more\" href=\"https:\/\/www.tucomarca.com\/wordpress\/segunda\/el-paro-se-ha-reducido-en-9-104-personas-lo-que-situa-a-la-comunitat-como-la-cuarta-autonomia-donde-mas-desciende\/\" title=\"El paro se ha reducido en 9.104 personas, lo que sit\u00faa a la Comunitat como la cuarta autonom\u00eda donde m\u00e1s desciende\">[+] <\/a><\/div>\n","protected":false},"author":1,"featured_media":0,"comment_status":"open","ping_status":"open","sticky":false,"template":"","format":"standard","meta":{"footnotes":""},"categories":[8,72,3],"tags":[],"class_list":{"0":"post-4946","1":"post","2":"type-post","3":"status-publish","4":"format-standard","6":"category-la-comarca","7":"category-sin-categorizar","8":"category-seccion"},"_links":{"self":[{"href":"https:\/\/www.tucomarca.com\/wordpress\/segunda\/wp-json\/wp\/v2\/posts\/4946","targetHints":{"allow":["GET"]}}],"collection":[{"href":"https:\/\/www.tucomarca.com\/wordpress\/segunda\/wp-json\/wp\/v2\/posts"}],"about":[{"href":"https:\/\/www.tucomarca.com\/wordpress\/segunda\/wp-json\/wp\/v2\/types\/post"}],"author":[{"embeddable":true,"href":"https:\/\/www.tucomarca.com\/wordpress\/segunda\/wp-json\/wp\/v2\/users\/1"}],"replies":[{"embeddable":true,"href":"https:\/\/www.tucomarca.com\/wordpress\/segunda\/wp-json\/wp\/v2\/comments?post=4946"}],"version-history":[{"count":0,"href":"https:\/\/www.tucomarca.com\/wordpress\/segunda\/wp-json\/wp\/v2\/posts\/4946\/revisions"}],"wp:attachment":[{"href":"https:\/\/www.tucomarca.com\/wordpress\/segunda\/wp-json\/wp\/v2\/media?parent=4946"}],"wp:term":[{"taxonomy":"category","embeddable":true,"href":"https:\/\/www.tucomarca.com\/wordpress\/segunda\/wp-json\/wp\/v2\/categories?post=4946"},{"taxonomy":"post_tag","embeddable":true,"href":"https:\/\/www.tucomarca.com\/wordpress\/segunda\/wp-json\/wp\/v2\/tags?post=4946"}],"curies":[{"name":"wp","href":"https:\/\/api.w.org\/{rel}","templated":true}]}}