{"id":49486,"date":"2016-09-20T14:16:35","date_gmt":"2016-09-20T11:16:35","guid":{"rendered":"http:\/\/www.tucomarca.com\/wordpress\/segunda\/?p=49486"},"modified":"2016-09-20T14:16:35","modified_gmt":"2016-09-20T11:16:35","slug":"el-xix-circuito-de-carreras-populares-de-la-diputacion-continua-el-24-de-septiembre-en-bunol-con-un-dificil-recorrido","status":"publish","type":"post","link":"https:\/\/www.tucomarca.com\/wordpress\/segunda\/el-xix-circuito-de-carreras-populares-de-la-diputacion-continua-el-24-de-septiembre-en-bunol-con-un-dificil-recorrido\/","title":{"rendered":"El XIX Circuito de carreras populares de la Diputaci\u00f3n contin\u00faa el 24 de septiembre en Bu\u00f1ol con un dif\u00edcil recorrido"},"content":{"rendered":"<figure id=\"attachment_49487\" aria-describedby=\"caption-attachment-49487\" style=\"width: 300px\" class=\"wp-caption alignleft\"><a href=\"https:\/\/www.tucomarca.com\/wordpress\/segunda\/wp-content\/uploads\/2016\/09\/1oKBunyol16.jpg\"><img loading=\"lazy\" decoding=\"async\" class=\"size-medium wp-image-49487\" title=\"1oKBunyol16\" src=\"https:\/\/www.tucomarca.com\/wordpress\/segunda\/wp-content\/uploads\/2016\/09\/1oKBunyol16-300x168.jpg\" alt=\"Cartel anunciador de la prueba de 2016.\" width=\"300\" height=\"168\" srcset=\"https:\/\/www.tucomarca.com\/wordpress\/segunda\/wp-content\/uploads\/2016\/09\/1oKBunyol16-300x168.jpg 300w, https:\/\/www.tucomarca.com\/wordpress\/segunda\/wp-content\/uploads\/2016\/09\/1oKBunyol16.jpg 960w\" sizes=\"auto, (max-width: 300px) 100vw, 300px\" \/><\/a><figcaption id=\"caption-attachment-49487\" class=\"wp-caption-text\">Cartel anunciador de la prueba de 2016.<\/figcaption><\/figure>\n<p>El XIX Circuito de Carreras Populares de la Diputaci\u00f3n de Valencia contin\u00faa el pr\u00f3ximo d\u00eda 24 con la XXI Carrera Tomatina de Bu\u00f1ol, nueva incorporaci\u00f3n a este circuito que est\u00e1 generando una gran expectaci\u00f3n.\u00a0 Iniciado el pasado 3 de abril en Moncada, el Circuito se compone de tres medias maratones, cuatro grandes fondos, un 12KM y cinco carreras 10K.\u00a0 Los municipios participantes este a\u00f1o son Moncada, Faura, Massamagrell, Gandia, Ll\u00edria, Canet, l\u2019Eliana, Siete Aguas, Paterna, Bu\u00f1ol, Cullera, X\u00e0tiva y Xirivella; en total 13, uno m\u00e1s que en la pasada edici\u00f3n, que es Bu\u00f1ol, ya que es la primera vez que se incorpora a este circuito de carreras.<\/p>\n<p>Marta P\u00e9rez, concejal de Deportes del Ayuntamiento de Bu\u00f1ol, ha mostrado su satisfacci\u00f3n por esta carrera y por la incorporaci\u00f3n de la misma en el circuito de carreras de la Diputaci\u00f3n, \u201cya que atrae a un gran n\u00famero de corredores de toda la provincia, lo que hace que Bu\u00f1ol sea todav\u00eda m\u00e1s conocido por sus impresionantes parajes naturales por los que discurrir\u00e1 parte de su recorrido urbano de 10k\u201d.<\/p>\n<p>Dar\u00e1 comienzo a las 19h en la Avenida Rafael Ridaura de la localidad y la entrega de trofeos ser\u00e1 en la plaza del Barrio San Rafael. Este recorrido de 10k atravesar\u00e1 zonas urbanas y parajes como el Cuco, rodeado de \u00e1rboles y fuentes, el Hortelano, con las vistas de fonde del municipio, y el parque de la Violeta y la Cuesta Roya, donde se puede contemplar el bell\u00edsimo y singular Castillo de Bu\u00f1ol. \u201cSer\u00e1 una carrera dura, pero con un recorrido diferente al del resto de municipios de la provincia\u201d. P\u00e9rez ha apuntado que se espera superar los 1.000 participantes.<\/p>\n<p>Ha agradecido la excelente organizaci\u00f3n del C.A. Correores de Bu\u00f1ol, que cuenta con la colaboraci\u00f3n del Ayuntamiento de Bu\u00f1ol, y especialmente de la concejal\u00eda de Deportes, a los que se unen Polic\u00eda Local, Protecci\u00f3n Civil, Brigada Municipal y voluntarios de la localidad como el AD Bu\u00f1ol, los Festeros del Tomate, el Grupo Scout y la Comisi\u00f3n Zombie.<\/p>\n<p><strong>II Trail Bu\u00f1ol<\/strong><\/p>\n<p>La edil de Deportes ha recordado el pr\u00f3ximo evento deportivo, el II Trail Bu\u00f1ol, previsto para el 16 de octubre, y que constar\u00e1 de 13 y 25kms, con un amplio recorrido de monte, que prev\u00e9 ser un \u00e9xito, \u201ccomo lo fue la I Carrera Raquel Lavilla Villar, celebrada las pasadas ferias en Bu\u00f1ol, donde aument\u00f3 notablemente la participaci\u00f3n local, hecho que demuestra el auge del running en Bu\u00f1ol\u201d, ha confirmado la concejal.<\/p>\n<p><strong>I Feria del Deporte de Bu\u00f1ol<\/strong><\/p>\n<p>Por \u00faltimo, P\u00e9rez ha recordado la Feria del Deporte, celebrada el pasado fin de semana en el Planell, donde se dieron cita la gran cantidad de asociaciones deportivas locales, y los ni\u00f1os y padres pudieron descubrir algunas de ellas como la asociaci\u00f3n ALFT, de pistolas de aire. \u201cFue un \u00e9xito los stands habilitados para ellos, donde los m\u00e1s peque\u00f1os disfrutaron de esta modalidad deportiva, al igual que el ajedrez, ya que se instal\u00f3 un tablero gigante que hizo las delicias de todos los asistentes\u201d. Cerca de 150 ni\u00f1os participaron y se nutrieron del amplio panorama asociativo deportivo presente en la localidad, \u201cpor ello desde la concejal\u00eda estamos con todas las asociaciones, con todos los deportes y todos nuestros deportistas locales\u201d, ha sentenciado.<\/p>\n","protected":false},"excerpt":{"rendered":"<div class=\"mh-excerpt\">El XIX Circuito de Carreras Populares de la Diputaci\u00f3n de Valencia contin\u00faa el pr\u00f3ximo d\u00eda 24 con la XXI Carrera Tomatina de Bu\u00f1ol, nueva incorporaci\u00f3n a este circuito que est\u00e1 generando una gran expectaci\u00f3n.\u00a0 Iniciado <a class=\"mh-excerpt-more\" href=\"https:\/\/www.tucomarca.com\/wordpress\/segunda\/el-xix-circuito-de-carreras-populares-de-la-diputacion-continua-el-24-de-septiembre-en-bunol-con-un-dificil-recorrido\/\" title=\"El XIX Circuito de carreras populares de la Diputaci\u00f3n contin\u00faa el 24 de septiembre en Bu\u00f1ol con un dif\u00edcil recorrido\">[+] <\/a><\/div>\n","protected":false},"author":1,"featured_media":49487,"comment_status":"open","ping_status":"open","sticky":false,"template":"","format":"standard","meta":{"footnotes":""},"categories":[98,18,6,72,10,3],"tags":[],"class_list":{"0":"post-49486","1":"post","2":"type-post","3":"status-publish","4":"format-standard","5":"has-post-thumbnail","7":"category-atletismo","8":"category-bunol","9":"category-deportes","10":"category-sin-categorizar","11":"category-la-hoya","12":"category-seccion"},"_links":{"self":[{"href":"https:\/\/www.tucomarca.com\/wordpress\/segunda\/wp-json\/wp\/v2\/posts\/49486","targetHints":{"allow":["GET"]}}],"collection":[{"href":"https:\/\/www.tucomarca.com\/wordpress\/segunda\/wp-json\/wp\/v2\/posts"}],"about":[{"href":"https:\/\/www.tucomarca.com\/wordpress\/segunda\/wp-json\/wp\/v2\/types\/post"}],"author":[{"embeddable":true,"href":"https:\/\/www.tucomarca.com\/wordpress\/segunda\/wp-json\/wp\/v2\/users\/1"}],"replies":[{"embeddable":true,"href":"https:\/\/www.tucomarca.com\/wordpress\/segunda\/wp-json\/wp\/v2\/comments?post=49486"}],"version-history":[{"count":0,"href":"https:\/\/www.tucomarca.com\/wordpress\/segunda\/wp-json\/wp\/v2\/posts\/49486\/revisions"}],"wp:featuredmedia":[{"embeddable":true,"href":"https:\/\/www.tucomarca.com\/wordpress\/segunda\/wp-json\/wp\/v2\/media\/49487"}],"wp:attachment":[{"href":"https:\/\/www.tucomarca.com\/wordpress\/segunda\/wp-json\/wp\/v2\/media?parent=49486"}],"wp:term":[{"taxonomy":"category","embeddable":true,"href":"https:\/\/www.tucomarca.com\/wordpress\/segunda\/wp-json\/wp\/v2\/categories?post=49486"},{"taxonomy":"post_tag","embeddable":true,"href":"https:\/\/www.tucomarca.com\/wordpress\/segunda\/wp-json\/wp\/v2\/tags?post=49486"}],"curies":[{"name":"wp","href":"https:\/\/api.w.org\/{rel}","templated":true}]}}