{"id":4962,"date":"2012-07-03T12:59:46","date_gmt":"2012-07-03T10:59:46","guid":{"rendered":"http:\/\/www.tucomarca.com\/wordpress\/segunda\/?p=4962"},"modified":"2012-07-03T12:59:46","modified_gmt":"2012-07-03T10:59:46","slug":"la-diputacion-invierte-95-000-euros-en-la-mejora-de-los-caminos-rurales-de-la-canal-de-navarres","status":"publish","type":"post","link":"https:\/\/www.tucomarca.com\/wordpress\/segunda\/la-diputacion-invierte-95-000-euros-en-la-mejora-de-los-caminos-rurales-de-la-canal-de-navarres\/","title":{"rendered":"La Diputaci\u00f3n invierte 95.000 euros en la mejora de los caminos rurales de la Canal de Navarr\u00e9s"},"content":{"rendered":"<p>La Diputaci\u00f3n de Valencia ha destinado un total de 95.000 euros a  la mejora de los caminos rurales de la Canal de Navarr\u00e9s, a trav\u00e9s del  Plan de Caminos Rurales 2012, que cuenta con un presupuesto total de  3.200.000 euros y llegar\u00e1 a 145 municipios de la provincia.<\/p>\n<div>\n<p>La corporaci\u00f3n provincial sufraga mediante este programa el total del  coste de las obras de conservaci\u00f3n y adecuaci\u00f3n de caminos, con un  presupuesto m\u00e1ximo subvencionado de 60.000 euros.<\/p>\n<p>El plan provincial de inversi\u00f3n est\u00e1 abierto a todos los municipios,  mancomunidades y agrupaciones de municipios, con el fin de posibilitar  la renovaci\u00f3n y modernizaci\u00f3n de las comunicaciones viales entre  poblaciones que no atraviesen ni utilicen carreteras locales, comarcales  o nacionales.<\/p>\n<p>Las actuaciones contempladas en el plan de 2012 \u201cdar\u00e1n respuesta a  las carencias m\u00e1s inmediatas en este \u00e1mbito de las 145 poblaciones y  mejorar\u00e1n, en definitiva, su riqueza econ\u00f3mica y la calidad de vida de  sus ciudadanos\u201d, seg\u00fan ha expresado el diputado de Cooperaci\u00f3n  Municipal, Juan Jos\u00e9 Medina.<\/p>\n<p>MUNICIPIO &#8211; OBRA &#8211; SUBVENCI\u00d3N (euros)<\/p>\n<p>ANNA &#8211; Pavimentaci\u00f3n y adecuaci\u00f3n camino de Las Fuentes y otros 25.000euros<br \/>\nBICORP &#8211; Asfaltado camino El Manal 20.000euros<br \/>\nENGUERA &#8211; Acondicionamiento y pavimentaci\u00f3n caminos Ral, Viejo del Ca\u00f1aret y Garay 20.000euros<br \/>\nNAVARR\u00c9S &#8211; Asfaltado Camino El Alto 30.000 euros<\/p>\n<\/div>\n","protected":false},"excerpt":{"rendered":"<div class=\"mh-excerpt\">La Diputaci\u00f3n de Valencia ha destinado un total de 95.000 euros a la mejora de los caminos rurales de la Canal de Navarr\u00e9s, a trav\u00e9s del Plan de Caminos Rurales 2012, que cuenta con un <a class=\"mh-excerpt-more\" href=\"https:\/\/www.tucomarca.com\/wordpress\/segunda\/la-diputacion-invierte-95-000-euros-en-la-mejora-de-los-caminos-rurales-de-la-canal-de-navarres\/\" title=\"La Diputaci\u00f3n invierte 95.000 euros en la mejora de los caminos rurales de la Canal de Navarr\u00e9s\">[+] <\/a><\/div>\n","protected":false},"author":1,"featured_media":0,"comment_status":"open","ping_status":"open","sticky":false,"template":"","format":"standard","meta":{"footnotes":""},"categories":[78,338,79,70,270],"tags":[],"class_list":{"0":"post-4962","1":"post","2":"type-post","3":"status-publish","4":"format-standard","6":"category-anna","7":"category-bicorp","8":"category-enguera","9":"category-la-canal-de-navarres","10":"category-navarres"},"_links":{"self":[{"href":"https:\/\/www.tucomarca.com\/wordpress\/segunda\/wp-json\/wp\/v2\/posts\/4962","targetHints":{"allow":["GET"]}}],"collection":[{"href":"https:\/\/www.tucomarca.com\/wordpress\/segunda\/wp-json\/wp\/v2\/posts"}],"about":[{"href":"https:\/\/www.tucomarca.com\/wordpress\/segunda\/wp-json\/wp\/v2\/types\/post"}],"author":[{"embeddable":true,"href":"https:\/\/www.tucomarca.com\/wordpress\/segunda\/wp-json\/wp\/v2\/users\/1"}],"replies":[{"embeddable":true,"href":"https:\/\/www.tucomarca.com\/wordpress\/segunda\/wp-json\/wp\/v2\/comments?post=4962"}],"version-history":[{"count":0,"href":"https:\/\/www.tucomarca.com\/wordpress\/segunda\/wp-json\/wp\/v2\/posts\/4962\/revisions"}],"wp:attachment":[{"href":"https:\/\/www.tucomarca.com\/wordpress\/segunda\/wp-json\/wp\/v2\/media?parent=4962"}],"wp:term":[{"taxonomy":"category","embeddable":true,"href":"https:\/\/www.tucomarca.com\/wordpress\/segunda\/wp-json\/wp\/v2\/categories?post=4962"},{"taxonomy":"post_tag","embeddable":true,"href":"https:\/\/www.tucomarca.com\/wordpress\/segunda\/wp-json\/wp\/v2\/tags?post=4962"}],"curies":[{"name":"wp","href":"https:\/\/api.w.org\/{rel}","templated":true}]}}