{"id":4964,"date":"2012-07-03T14:22:54","date_gmt":"2012-07-03T12:22:54","guid":{"rendered":"http:\/\/www.tucomarca.com\/wordpress\/segunda\/?p=4964"},"modified":"2012-07-03T14:22:54","modified_gmt":"2012-07-03T12:22:54","slug":"la-diputacion-invierte-500-000-euros-en-la-rehabilitacion-del-ayuntamiento-de-enguera","status":"publish","type":"post","link":"https:\/\/www.tucomarca.com\/wordpress\/segunda\/la-diputacion-invierte-500-000-euros-en-la-rehabilitacion-del-ayuntamiento-de-enguera\/","title":{"rendered":"La Diputaci\u00f3n invierte 500.000 euros en la rehabilitaci\u00f3n del Ayuntamiento de Enguera"},"content":{"rendered":"<figure id=\"attachment_4965\" aria-describedby=\"caption-attachment-4965\" style=\"width: 300px\" class=\"wp-caption alignleft\"><a href=\"https:\/\/www.tucomarca.com\/wordpress\/segunda\/wp-content\/uploads\/2012\/07\/DSC07419.jpg\"><img loading=\"lazy\" decoding=\"async\" class=\"size-medium wp-image-4965\" title=\"SONY DSC\" src=\"https:\/\/www.tucomarca.com\/wordpress\/segunda\/wp-content\/uploads\/2012\/07\/DSC07419-300x199.jpg\" alt=\"El diputado y el alcalde suben la escalera que dirige a las plantas superiores del edificio.\" width=\"300\" height=\"199\" srcset=\"https:\/\/www.tucomarca.com\/wordpress\/segunda\/wp-content\/uploads\/2012\/07\/DSC07419-300x199.jpg 300w, https:\/\/www.tucomarca.com\/wordpress\/segunda\/wp-content\/uploads\/2012\/07\/DSC07419-1024x680.jpg 1024w\" sizes=\"auto, (max-width: 300px) 100vw, 300px\" \/><\/a><figcaption id=\"caption-attachment-4965\" class=\"wp-caption-text\">El diputado y el alcalde suben la escalera que dirige a las plantas superiores del edificio.<\/figcaption><\/figure>\n<p>La Diputaci\u00f3n de Valencia ha invertido 500.000 euros en la rehabilitaci\u00f3n integral del edificio consistorial de Enguera, mediante un convenio singular de colaboraci\u00f3n entre la corporaci\u00f3n provincial y el ayuntamiento.<br \/>\nEl vicepresidente primero de la instituci\u00f3n provincial y diputado de Cooperaci\u00f3n Municipal, Juan Jos\u00e9 Medina, ha visiado recientemente las dependencias municipales junto con el alcalde de Enguera, Santiago Ar\u00e9valo, para comprobar la marcha de las obras, pr\u00e1cticamente acabadas, que se inaugurar\u00e1n el pr\u00f3ximo mes de julio, seg\u00fan avanz\u00f3 el primer edil.<\/p>\n<p>\u201cEs una obra importante, que ha supuesto la rehabilitaci\u00f3n pr\u00e1cticamente integral del edificio y permitir\u00e1 poner al servicio de los enguerinos y enguerinas unas instalaciones modernas y eficientes\u201d, destac\u00f3 Medina.<br \/>\nEl alcalde, por su parte, explic\u00f3 que la construcci\u00f3n data de finales del siglo XIX y que \u201cnunca se hab\u00eda realizado una reforma estructural de la misma, a pesar de que se encontraba en condiciones lamentables\u201d.<br \/>\nAr\u00e9valo, adem\u00e1s, detall\u00f3 que en la actuaci\u00f3n \u201cse ha respetado la fachada, los muros de carga y la escalera, al estar protegidos por encontrarse el ayuntamiento junto a la Iglesia de San Miguel, declarada Bien de Inter\u00e9s Cultural (BIC)\u201d.<\/p>\n<p>Los trabajos han permitido crear un ayuntamiento m\u00e1s eficiente en el que en la planta baja y la primera planta se han dispuesto los servicios administrativos m\u00e1s utilizados y, en el segundo piso, el archivo y el sal\u00f3n de plenos, salas menos transitadas habitualmente, lo que, unido al aprovechamiento de la luz natural en toda la construcci\u00f3n, permitir\u00e1 ahorrar energ\u00eda el\u00e9ctrica.<br \/>\nTambi\u00e9n se ha instalado un ascensor, aire acondicionado y sillas para personas con discapacidad \u201cporque tambi\u00e9n hemos aprovechado para eliminar las barreras arquitect\u00f3nicas\u201d, seg\u00fan el alcalde.<\/p>\n","protected":false},"excerpt":{"rendered":"<div class=\"mh-excerpt\">La Diputaci\u00f3n de Valencia ha invertido 500.000 euros en la rehabilitaci\u00f3n integral del edificio consistorial de Enguera, mediante un convenio singular de colaboraci\u00f3n entre la corporaci\u00f3n provincial y el ayuntamiento. El vicepresidente primero de la <a class=\"mh-excerpt-more\" href=\"https:\/\/www.tucomarca.com\/wordpress\/segunda\/la-diputacion-invierte-500-000-euros-en-la-rehabilitacion-del-ayuntamiento-de-enguera\/\" title=\"La Diputaci\u00f3n invierte 500.000 euros en la rehabilitaci\u00f3n del Ayuntamiento de Enguera\">[+] <\/a><\/div>\n","protected":false},"author":1,"featured_media":4965,"comment_status":"open","ping_status":"open","sticky":false,"template":"","format":"standard","meta":{"footnotes":""},"categories":[79,128,70,8,3],"tags":[],"class_list":{"0":"post-4964","1":"post","2":"type-post","3":"status-publish","4":"format-standard","5":"has-post-thumbnail","7":"category-enguera","8":"category-infraestructuras","9":"category-la-canal-de-navarres","10":"category-la-comarca","11":"category-seccion"},"_links":{"self":[{"href":"https:\/\/www.tucomarca.com\/wordpress\/segunda\/wp-json\/wp\/v2\/posts\/4964","targetHints":{"allow":["GET"]}}],"collection":[{"href":"https:\/\/www.tucomarca.com\/wordpress\/segunda\/wp-json\/wp\/v2\/posts"}],"about":[{"href":"https:\/\/www.tucomarca.com\/wordpress\/segunda\/wp-json\/wp\/v2\/types\/post"}],"author":[{"embeddable":true,"href":"https:\/\/www.tucomarca.com\/wordpress\/segunda\/wp-json\/wp\/v2\/users\/1"}],"replies":[{"embeddable":true,"href":"https:\/\/www.tucomarca.com\/wordpress\/segunda\/wp-json\/wp\/v2\/comments?post=4964"}],"version-history":[{"count":0,"href":"https:\/\/www.tucomarca.com\/wordpress\/segunda\/wp-json\/wp\/v2\/posts\/4964\/revisions"}],"wp:featuredmedia":[{"embeddable":true,"href":"https:\/\/www.tucomarca.com\/wordpress\/segunda\/wp-json\/wp\/v2\/media\/4965"}],"wp:attachment":[{"href":"https:\/\/www.tucomarca.com\/wordpress\/segunda\/wp-json\/wp\/v2\/media?parent=4964"}],"wp:term":[{"taxonomy":"category","embeddable":true,"href":"https:\/\/www.tucomarca.com\/wordpress\/segunda\/wp-json\/wp\/v2\/categories?post=4964"},{"taxonomy":"post_tag","embeddable":true,"href":"https:\/\/www.tucomarca.com\/wordpress\/segunda\/wp-json\/wp\/v2\/tags?post=4964"}],"curies":[{"name":"wp","href":"https:\/\/api.w.org\/{rel}","templated":true}]}}