{"id":49670,"date":"2016-09-20T14:16:56","date_gmt":"2016-09-20T11:16:56","guid":{"rendered":"http:\/\/www.tucomarca.com\/wordpress\/segunda\/?p=49670"},"modified":"2016-09-20T14:16:56","modified_gmt":"2016-09-20T11:16:56","slug":"mes-de-4-000-persones-visiten-la-fira-del-comerc-de-la-pobla","status":"publish","type":"post","link":"https:\/\/www.tucomarca.com\/wordpress\/segunda\/mes-de-4-000-persones-visiten-la-fira-del-comerc-de-la-pobla\/","title":{"rendered":"M\u00e9s de 4.000 persones visiten la Fira del Comer\u00e7 de La Pobla"},"content":{"rendered":"<figure id=\"attachment_49671\" aria-describedby=\"caption-attachment-49671\" style=\"width: 300px\" class=\"wp-caption alignleft\"><a href=\"https:\/\/www.tucomarca.com\/wordpress\/segunda\/wp-content\/uploads\/2016\/09\/LaPoblaFirab.jpg\"><img loading=\"lazy\" decoding=\"async\" class=\"size-medium wp-image-49671\" title=\"LaPoblaFirab\" src=\"https:\/\/www.tucomarca.com\/wordpress\/segunda\/wp-content\/uploads\/2016\/09\/LaPoblaFirab-300x183.jpg\" alt=\"El Parc Municipal de la Pobla de Vallbona s'ha convertit durant el cap de setmana en un aparador del comer\u00e7 i les associacions del municipi.\" width=\"300\" height=\"183\" srcset=\"https:\/\/www.tucomarca.com\/wordpress\/segunda\/wp-content\/uploads\/2016\/09\/LaPoblaFirab-300x183.jpg 300w, https:\/\/www.tucomarca.com\/wordpress\/segunda\/wp-content\/uploads\/2016\/09\/LaPoblaFirab-1024x625.jpg 1024w, https:\/\/www.tucomarca.com\/wordpress\/segunda\/wp-content\/uploads\/2016\/09\/LaPoblaFirab.jpg 1670w\" sizes=\"auto, (max-width: 300px) 100vw, 300px\" \/><\/a><figcaption id=\"caption-attachment-49671\" class=\"wp-caption-text\">El Parc Municipal de la Pobla de Vallbona s&#39;ha convertit durant el cap de setmana en un aparador del comer\u00e7 i les associacions del municipi.<\/figcaption><\/figure>\n<p>El Parc Municipal de la Pobla de Vallbona s&#8217;ha convertit durant el cap de setmana en un aparador del comer\u00e7 i les associacions del municipi. Al voltant de 50 comer\u00e7os i entitats locals han aprofitat l&#8217;aflu\u00e8ncia de p\u00fablic del cap de setmana per exposar els seus productes i donar a con\u00e9ixer el xicotet comer\u00e7 entre els ve\u00efns. Al voltant de 4.000 persones han visitat durant tres dies este Fira.<\/p>\n<p>La Fira del Comer\u00e7 s&#8217;ha convertit en un esdeveniment l\u00fadic, amb una amplia oferta que servix d&#8217;impuls per al comer\u00e7 de la localitat i per a les entitats participants. S&#8217;han fet tallers per als menuts, activitats esportives i exhibicions de diferents clubs i escoles esportives com l\u2019esgrima, el karate o el ball; i les entitats culturals de la localitat han aprofitat per presentar les seues activitats. A m\u00e9s com a novetat, la Fira del Comer\u00e7 ha comptat enguany amb una desfilada canina solidaria organitzada a benefici de dues protectores d&#8217;animals: ASIA i Huellas Amigas.<\/p>\n<p>Tota una oferta d\u2019oci que ha fet que en tot moment el recinte de la Fira estiguera ple, un fet que han aprofitat els expositors.\u00a0 Entre els estands que enguany han participat ha hagut un gran nombre d\u2019empreses d\u2019alimentaci\u00f3, servicis i tamb\u00e9 de restauraci\u00f3.<\/p>\n<p>La IX Fira del Comer\u00e7 s\u2019inaugurava divendres per l&#8217;Alcalde de la Pobla, Josep Vicent Garcia, que va estar acompanyat del Sotsdirector General de Comer\u00e7 i Consum, Adel Franc\u00e9s i de nombrosos regidors i alcaldes de la comarca.<\/p>\n<p>Durant l\u2019obertura de la Fira, l\u2019alcalde ha destacat la import\u00e0ncia que els ajuntaments aposten pel xicotet comer\u00e7 i ha dit que \u00abels consistoris han de millorar els serveis del poble perqu\u00e8 els clients troben tan f\u00e0cil comprar com a les grans superf\u00edcies\u00bb. En este sentit Josep Vicent Garcia ha anunciat que \u201cprompte es signaran nous convenis per ampliar l\u2019oferta d\u2019aparcament al municipi per acostar els clients a les tendes\u201d.<\/p>\n<p>Per la seua part, el Sotsdirector General de Comer\u00e7 i Consum, Adel Franc\u00e9s ha destacat la capacitat del xicotet comer\u00e7 per generar m\u00e9s llocs de treball i m\u00e9s activitat econ\u00f2mica que les grans superf\u00edcies. A m\u00e9s ha avan\u00e7at que s&#8217;han desbloquejat les subvencions per a les associacions de comerciants i que la Generalitat les publicar\u00e0 esta setmana.<\/p>\n<p>Esta \u00e9s la novena edici\u00f3 de la Fira del Comer\u00e7, una cita ja consolidada per dinamitzar el comer\u00e7 local i que les empreses que participen veuen com una oportunitat de donar-se a con\u00e9ixer al poble i a la comarca i d&#8217;impulsar les vendes, sobretot despr\u00e9s de l&#8217;estiu.<\/p>\n<p>&nbsp;<\/p>\n<p>&nbsp;<\/p>\n","protected":false},"excerpt":{"rendered":"<div class=\"mh-excerpt\">El Parc Municipal de la Pobla de Vallbona s&#8217;ha convertit durant el cap de setmana en un aparador del comer\u00e7 i les associacions del municipi. Al voltant de 50 comer\u00e7os i entitats locals han aprofitat <a class=\"mh-excerpt-more\" href=\"https:\/\/www.tucomarca.com\/wordpress\/segunda\/mes-de-4-000-persones-visiten-la-fira-del-comerc-de-la-pobla\/\" title=\"M\u00e9s de 4.000 persones visiten la Fira del Comer\u00e7 de La Pobla\">[+] <\/a><\/div>\n","protected":false},"author":1,"featured_media":49671,"comment_status":"open","ping_status":"open","sticky":false,"template":"","format":"standard","meta":{"footnotes":""},"categories":[46,8,174,3,45],"tags":[],"class_list":{"0":"post-49670","1":"post","2":"type-post","3":"status-publish","4":"format-standard","5":"has-post-thumbnail","7":"category-camp-de-turia","8":"category-la-comarca","9":"category-la-pobla","10":"category-seccion","11":"category-ventana"},"_links":{"self":[{"href":"https:\/\/www.tucomarca.com\/wordpress\/segunda\/wp-json\/wp\/v2\/posts\/49670","targetHints":{"allow":["GET"]}}],"collection":[{"href":"https:\/\/www.tucomarca.com\/wordpress\/segunda\/wp-json\/wp\/v2\/posts"}],"about":[{"href":"https:\/\/www.tucomarca.com\/wordpress\/segunda\/wp-json\/wp\/v2\/types\/post"}],"author":[{"embeddable":true,"href":"https:\/\/www.tucomarca.com\/wordpress\/segunda\/wp-json\/wp\/v2\/users\/1"}],"replies":[{"embeddable":true,"href":"https:\/\/www.tucomarca.com\/wordpress\/segunda\/wp-json\/wp\/v2\/comments?post=49670"}],"version-history":[{"count":0,"href":"https:\/\/www.tucomarca.com\/wordpress\/segunda\/wp-json\/wp\/v2\/posts\/49670\/revisions"}],"wp:featuredmedia":[{"embeddable":true,"href":"https:\/\/www.tucomarca.com\/wordpress\/segunda\/wp-json\/wp\/v2\/media\/49671"}],"wp:attachment":[{"href":"https:\/\/www.tucomarca.com\/wordpress\/segunda\/wp-json\/wp\/v2\/media?parent=49670"}],"wp:term":[{"taxonomy":"category","embeddable":true,"href":"https:\/\/www.tucomarca.com\/wordpress\/segunda\/wp-json\/wp\/v2\/categories?post=49670"},{"taxonomy":"post_tag","embeddable":true,"href":"https:\/\/www.tucomarca.com\/wordpress\/segunda\/wp-json\/wp\/v2\/tags?post=49670"}],"curies":[{"name":"wp","href":"https:\/\/api.w.org\/{rel}","templated":true}]}}