{"id":49689,"date":"2016-09-27T22:41:04","date_gmt":"2016-09-27T19:41:04","guid":{"rendered":"http:\/\/www.tucomarca.com\/wordpress\/segunda\/?p=49689"},"modified":"2016-09-27T23:52:25","modified_gmt":"2016-09-27T20:52:25","slug":"la-generalitat-renueva-el-gran-premio-de-moto-gp-hasta-2021","status":"publish","type":"post","link":"https:\/\/www.tucomarca.com\/wordpress\/segunda\/la-generalitat-renueva-el-gran-premio-de-moto-gp-hasta-2021\/","title":{"rendered":"La Generalitat renueva el Gran Premio de Moto GP hasta 2021"},"content":{"rendered":"<figure id=\"attachment_49690\" aria-describedby=\"caption-attachment-49690\" style=\"width: 300px\" class=\"wp-caption alignleft\"><a href=\"https:\/\/www.tucomarca.com\/wordpress\/segunda\/wp-content\/uploads\/2016\/09\/DORNA.jpg\"><img loading=\"lazy\" decoding=\"async\" class=\"size-medium wp-image-49690\" title=\"DORNA\" src=\"https:\/\/www.tucomarca.com\/wordpress\/segunda\/wp-content\/uploads\/2016\/09\/DORNA-300x212.jpg\" alt=\"El nuevo acuerdo supondr\u00e1 un ahorro de casi dos millones de euros respecto al anterior contrato.\" width=\"300\" height=\"212\" \/><\/a><figcaption id=\"caption-attachment-49690\" class=\"wp-caption-text\">El nuevo acuerdo supondr\u00e1 un ahorro de casi dos millones de euros respecto al anterior contrato.<\/figcaption><\/figure>\n<p>La Generalitat ha alcanzado un acuerdo con Dorna Sports para seguir celebrando el Gran Premio de Moto GP de la Comunitat Valenciana por cinco a\u00f1os m\u00e1s, de manera que la prueba del circuito Ricardo Tormo de Cheste cerrar\u00e1 la competici\u00f3n mundial hasta el a\u00f1o 2021.<\/p>\n<p>La presentaci\u00f3n del acuerdo, en la que han participado el President de la Generalitat, Ximo Puig, el conseller de Educaci\u00f3n, Investigaci\u00f3n, Cultura y Deporte, Vicent Marz\u00e0, y el director ejecutivo de Dorna Sports, Carmelo Ezpeleta, se ha producido a menos de dos meses para que finalizase la vigencia del anterior acuerdo.<\/p>\n<p>El President de la Generalitat, Ximo Puig, ha destacado la estabilidad que la firma implica para el Gran Premio de la Comunidad Valenciana y el \u00abtriple impacto\u00bb deportivo, econ\u00f3mico y tur\u00edstico del acuerdo.<\/p>\n<p>\u00abVamos a intentar sumar esfuerzos para sacarle la m\u00e1xima rentabilidad al Gran Premio de Motociclismo y para situar la eficiencia del uso de los recursos p\u00fablicos donde corresponde\u00bb, ha declarado Puig.<\/p>\n<p>El nuevo acuerdo incluye varias cl\u00e1usulas referidas a la gesti\u00f3n propia del evento y al retorno que supone para los valencianos y valencianas.<\/p>\n<p>Como ha detallado el conseller de Deporte, el acuerdo incorpora la promoci\u00f3n de la Comunitat Valenciana como destino tur\u00edstico durante el desarrollo de otros tres grandes premios del Mundial y ser\u00e1 en Cheste donde se celebrar\u00e1 la \u00faltima carrera del campeonato, as\u00ed como la gala de entrega de premios. \u00abEs un muy buen acuerdo para ambas partes\u00bb, ha se\u00f1alado.<\/p>\n<p>Adem\u00e1s, tambi\u00e9n se ha eliminado la cl\u00e1usula de confidencialidad presente en el anterior acuerdo, por lo que el contrato deber\u00e1 ser p\u00fablico y transparente. En este sentido, resulta novedosa la posibilidad de que el contrato pueda ser rescindido o renegociado en caso de cambio de gobierno.<\/p>\n<p>En cuanto al coste del evento, se ha acordado la rebaja del 5% al 3% del incremento anual del canon, lo que supondr\u00e1 un ahorro de 1,9 millones de euros en los cinco a\u00f1os por los que se ha firmado el acuerdo. As\u00ed, el coste total de los cinco grandes premios ser\u00e1 de 46,6 millones de euros, cuando con el anterior habr\u00eda sido de 48,5 millones.<\/p>\n","protected":false},"excerpt":{"rendered":"<div class=\"mh-excerpt\">La Generalitat ha alcanzado un acuerdo con Dorna Sports para seguir celebrando el Gran Premio de Moto GP de la Comunitat Valenciana por cinco a\u00f1os m\u00e1s, de manera que la prueba del circuito Ricardo Tormo <a class=\"mh-excerpt-more\" href=\"https:\/\/www.tucomarca.com\/wordpress\/segunda\/la-generalitat-renueva-el-gran-premio-de-moto-gp-hasta-2021\/\" title=\"La Generalitat renueva el Gran Premio de Moto GP hasta 2021\">[+] <\/a><\/div>\n","protected":false},"author":1,"featured_media":49690,"comment_status":"open","ping_status":"open","sticky":false,"template":"","format":"standard","meta":{"footnotes":""},"categories":[17,72,10,45],"tags":[],"class_list":{"0":"post-49689","1":"post","2":"type-post","3":"status-publish","4":"format-standard","5":"has-post-thumbnail","7":"category-cheste","8":"category-sin-categorizar","9":"category-la-hoya","10":"category-ventana"},"_links":{"self":[{"href":"https:\/\/www.tucomarca.com\/wordpress\/segunda\/wp-json\/wp\/v2\/posts\/49689","targetHints":{"allow":["GET"]}}],"collection":[{"href":"https:\/\/www.tucomarca.com\/wordpress\/segunda\/wp-json\/wp\/v2\/posts"}],"about":[{"href":"https:\/\/www.tucomarca.com\/wordpress\/segunda\/wp-json\/wp\/v2\/types\/post"}],"author":[{"embeddable":true,"href":"https:\/\/www.tucomarca.com\/wordpress\/segunda\/wp-json\/wp\/v2\/users\/1"}],"replies":[{"embeddable":true,"href":"https:\/\/www.tucomarca.com\/wordpress\/segunda\/wp-json\/wp\/v2\/comments?post=49689"}],"version-history":[{"count":0,"href":"https:\/\/www.tucomarca.com\/wordpress\/segunda\/wp-json\/wp\/v2\/posts\/49689\/revisions"}],"wp:featuredmedia":[{"embeddable":true,"href":"https:\/\/www.tucomarca.com\/wordpress\/segunda\/wp-json\/wp\/v2\/media\/49690"}],"wp:attachment":[{"href":"https:\/\/www.tucomarca.com\/wordpress\/segunda\/wp-json\/wp\/v2\/media?parent=49689"}],"wp:term":[{"taxonomy":"category","embeddable":true,"href":"https:\/\/www.tucomarca.com\/wordpress\/segunda\/wp-json\/wp\/v2\/categories?post=49689"},{"taxonomy":"post_tag","embeddable":true,"href":"https:\/\/www.tucomarca.com\/wordpress\/segunda\/wp-json\/wp\/v2\/tags?post=49689"}],"curies":[{"name":"wp","href":"https:\/\/api.w.org\/{rel}","templated":true}]}}