{"id":49694,"date":"2016-09-27T23:23:31","date_gmt":"2016-09-27T20:23:31","guid":{"rendered":"http:\/\/www.tucomarca.com\/wordpress\/segunda\/?p=49694"},"modified":"2016-09-27T23:23:31","modified_gmt":"2016-09-27T20:23:31","slug":"hector-barbera-no-consigue-reducir-distancias-con-pol-espargaro","status":"publish","type":"post","link":"https:\/\/www.tucomarca.com\/wordpress\/segunda\/hector-barbera-no-consigue-reducir-distancias-con-pol-espargaro\/","title":{"rendered":"H\u00e9ctor Barber\u00e1 no consigue reducir distancias con Pol Espargar\u00f3"},"content":{"rendered":"<p>El paasado fin de semana se celebro la 14\u00aa prueba de Moto GP y 3\u00aa que se celebra en nuestro pa\u00eds, en el circuito de Motorland (Alca\u00f1iz) Arag\u00f3n, donde nuestro piloto de Dos Aguas H\u00e9ctor Barber\u00e1 no pudo recuperar la diferencia que ten\u00eda con su inmediato perseguidor, Pol Espargaro. Los entrenos fueron un c\u00famulo de pruebas con los Michelin para adecuarse de cara a la carrera, pero al final s\u00f3lo pudo hacerse con el puesto 13\u00ba para la parrilla.<\/p>\n<p>Pero el domingo con un tiempo un poco m\u00e1s fresco que el s\u00e1bado en el circuito de Motorland, Hector fall\u00f3 en la salida relegandose a la ultima posici\u00f3n 19\u00ba y por lo cual deber\u00eda de pelear mucho para conseguir alg\u00fan punto; y poco a poco en las 23 vueltas que ten\u00eda la prueba supo ir cogiendo puestos para finalizar el 13\u00ba, igual que su puesto de parrilla y cogiendo solo 3 puntos, \u00a0lo que lo sigue situando el 10\u00ba en la tabla general con 84 puntos, mientras que Pol Espargar\u00f3 finaliz\u00f3 el 8\u00ba y consigue 8 puntos, teniendo ahora 96 empatado con Andrea Ianone, pero a\u00fan por detr\u00e1s del l\u00edder en las motos no oficiales que es Carl Cruchtlow con 105 puntos. Esta temporada lo tiene algo dif\u00edcil H\u00e9ctor para volver a ganar, pero a falta de cuatro pruebas, cualquier cosa puede suceder. Ahora se van a las Antipodas con los Grandes Premios de Australia, Jap\u00f3n y Malasia para finalizar en noviembre en el Ricardo Tormo de Cheste. Informa, <strong>Elio Zan\u00f3n<\/strong>.<\/p>\n","protected":false},"excerpt":{"rendered":"<div class=\"mh-excerpt\">El paasado fin de semana se celebro la 14\u00aa prueba de Moto GP y 3\u00aa que se celebra en nuestro pa\u00eds, en el circuito de Motorland (Alca\u00f1iz) Arag\u00f3n, donde nuestro piloto de Dos Aguas H\u00e9ctor <a class=\"mh-excerpt-more\" href=\"https:\/\/www.tucomarca.com\/wordpress\/segunda\/hector-barbera-no-consigue-reducir-distancias-con-pol-espargaro\/\" title=\"H\u00e9ctor Barber\u00e1 no consigue reducir distancias con Pol Espargar\u00f3\">[+] <\/a><\/div>\n","protected":false},"author":1,"featured_media":0,"comment_status":"open","ping_status":"open","sticky":false,"template":"","format":"standard","meta":{"footnotes":""},"categories":[6,15,72,10,91,3],"tags":[],"class_list":{"0":"post-49694","1":"post","2":"type-post","3":"status-publish","4":"format-standard","6":"category-deportes","7":"category-dos-aguas","8":"category-sin-categorizar","9":"category-la-hoya","10":"category-motociclismo","11":"category-seccion"},"_links":{"self":[{"href":"https:\/\/www.tucomarca.com\/wordpress\/segunda\/wp-json\/wp\/v2\/posts\/49694","targetHints":{"allow":["GET"]}}],"collection":[{"href":"https:\/\/www.tucomarca.com\/wordpress\/segunda\/wp-json\/wp\/v2\/posts"}],"about":[{"href":"https:\/\/www.tucomarca.com\/wordpress\/segunda\/wp-json\/wp\/v2\/types\/post"}],"author":[{"embeddable":true,"href":"https:\/\/www.tucomarca.com\/wordpress\/segunda\/wp-json\/wp\/v2\/users\/1"}],"replies":[{"embeddable":true,"href":"https:\/\/www.tucomarca.com\/wordpress\/segunda\/wp-json\/wp\/v2\/comments?post=49694"}],"version-history":[{"count":0,"href":"https:\/\/www.tucomarca.com\/wordpress\/segunda\/wp-json\/wp\/v2\/posts\/49694\/revisions"}],"wp:attachment":[{"href":"https:\/\/www.tucomarca.com\/wordpress\/segunda\/wp-json\/wp\/v2\/media?parent=49694"}],"wp:term":[{"taxonomy":"category","embeddable":true,"href":"https:\/\/www.tucomarca.com\/wordpress\/segunda\/wp-json\/wp\/v2\/categories?post=49694"},{"taxonomy":"post_tag","embeddable":true,"href":"https:\/\/www.tucomarca.com\/wordpress\/segunda\/wp-json\/wp\/v2\/tags?post=49694"}],"curies":[{"name":"wp","href":"https:\/\/api.w.org\/{rel}","templated":true}]}}