{"id":49700,"date":"2016-09-27T23:53:15","date_gmt":"2016-09-27T20:53:15","guid":{"rendered":"http:\/\/www.tucomarca.com\/wordpress\/segunda\/?p=49700"},"modified":"2016-09-27T23:53:15","modified_gmt":"2016-09-27T20:53:15","slug":"colomer-senala-que-en-el-dia-mundial-del-turismo-debemos-destacar-el-valor-social-cultural-politico-y-economico-del-turismo","status":"publish","type":"post","link":"https:\/\/www.tucomarca.com\/wordpress\/segunda\/colomer-senala-que-en-el-dia-mundial-del-turismo-debemos-destacar-el-valor-social-cultural-politico-y-economico-del-turismo\/","title":{"rendered":"Colomer se\u00f1ala que en el D\u00eda Mundial del Turismo \u00abdebemos destacar el valor social, cultural, pol\u00edtico y econ\u00f3mico del Turismo\u00bb"},"content":{"rendered":"<figure id=\"attachment_49701\" aria-describedby=\"caption-attachment-49701\" style=\"width: 300px\" class=\"wp-caption alignleft\"><a href=\"https:\/\/www.tucomarca.com\/wordpress\/segunda\/wp-content\/uploads\/2016\/09\/Colomer1.jpg\"><img loading=\"lazy\" decoding=\"async\" class=\"size-medium wp-image-49701\" title=\"Colomer\" src=\"https:\/\/www.tucomarca.com\/wordpress\/segunda\/wp-content\/uploads\/2016\/09\/Colomer1-300x200.jpg\" alt=\"Colomer durane el acto organizado con motivo del D\u00eda Mundial del Turismo.\" width=\"300\" height=\"200\" srcset=\"https:\/\/www.tucomarca.com\/wordpress\/segunda\/wp-content\/uploads\/2016\/09\/Colomer1-300x200.jpg 300w, https:\/\/www.tucomarca.com\/wordpress\/segunda\/wp-content\/uploads\/2016\/09\/Colomer1.jpg 800w\" sizes=\"auto, (max-width: 300px) 100vw, 300px\" \/><\/a><figcaption id=\"caption-attachment-49701\" class=\"wp-caption-text\">Colomer durane el acto organizado con motivo del D\u00eda Mundial del Turismo.<\/figcaption><\/figure>\n<p>El secretario auton\u00f3mico de la Ag\u00e8ncia Valenciana del Turisme, Francesc Colomer, ha resaltado que, en el D\u00eda Mundial del Turismo, resulta necesario destacar \u00abel valor social, cultural, pol\u00edtico y econ\u00f3mico del Turismo\u00bb.<\/p>\n<p>Francesc Colomer ha participado este martes en las actividades organizadas en la explanada de la Plaza del ayuntamiento de Valencia con motivo del D\u00eda Mundial del Turismo junto a responsables del Instituto de Investigaci\u00f3n Posbienestar, ASPAYM Comunitat Valenciana y ONCE, as\u00ed como la concejala y primera teniente de alcalde del Ayuntamiento de Valencia, Sandra G\u00f3mez.<\/p>\n<p>La Organizaci\u00f3n Mundial del Turismo (OMT) ha elegido para 2016 el lema &#8216;Turismo para todos. Promover la accesibilidad universal&#8217; y, en esta l\u00ednea, Colomer ha resaltado que el Consell \u00abcomparte totalmente el lema escogido por la OMT\u00bb.<\/p>\n<p>El responsable de Turisme ha se\u00f1alado que \u00aben los Premis Turisme de la Generalitat que entregar\u00e1 este mi\u00e9rcoles el President hemos ubicado en el centro de nuestras intenciones a las entidades premiadas, aquellas que han cumplido con el C\u00f3digo \u00c9tico del Turismo\u00bb.<\/p>\n<p>Asimismo, ha resaltado que \u00abturismo son valores que transforman, valores que mejoran a la sociedad y en ese sentido el lema de este a\u00f1o tiene mucho que ver con la pol\u00edtica tur\u00edstica del Consell\u00bb y ha recordado que \u00abeste a\u00f1o hemos suscrito sendos convenios con PREDIF y COCEMFE para no olvidar y trabajar en un turismo para todo el mundo, sin fronteras y sin complejos\u00bb, al tiempo que ha hecho hincapi\u00e9 en que \u00abno s\u00f3lo debemos trabajar por un turismo inclusivo por una cuesti\u00f3n moral, tambi\u00e9n por una cuesti\u00f3n de oportunidad y de negocio\u00bb.<\/p>\n<p>Por otra parte, Francesc Colomer ha explicado que \u00abvivimos en un buen momento para el turismo, pero esto nos debe motivar e inspirar para transformar, para cambiar y para ganar desde ya el futuro transform\u00e1ndolo\u00bb. En este sentido, ha recordado que, desde la Generalitat, \u00abestamos trabajando en la redacci\u00f3n de una nueva ley de Turismo, Ocio y Hospitalidad que marcar\u00e1 el futuro de esa transformaci\u00f3n para que, m\u00e1s all\u00e1 de la buena coyuntura que nos toca vivir y que es positiva en este momento, esta Comunitat sea fuerte para conquistar los mercados que pretendemos\u00bb.<\/p>\n<p>Asimismo, Colomer ha recordado que a trav\u00e9s de la Red de oficinas de informaci\u00f3n tur\u00edstica de la Generalitat Valenciana (Tourist Info) se han organizado con motivo del D\u00eda Mundial del Turismo, m\u00faltiples actividades, haciendo todas ellas hincapi\u00e9 en el lema de este a\u00f1o \u00abTurismo para todos\u00bb.<\/p>\n<p><strong>Inauguraci\u00f3n forTUR#CV<\/strong><\/p>\n<p>El secretario auton\u00f3mico de la Ag\u00e8ncia Valenciana del Turisme, Francesc Colomer, ha inaugurado el &#8216;I Foro de Turismo Comunitat Valenciana&#8217;, forTUR#CV acompa\u00f1ado por Sandra G\u00f3mez y por la diputada de Turismo de la Diputaci\u00f3n de Valencia, Pilar Moncho.<\/p>\n<p>Durante la inauguraci\u00f3n del Foro ha resaltado la importancia de que \u00abhoy es el D\u00eda mundial del Turismo d\u00eda oficial fijado en el calendario de las Naciones Unidas para destacar el valor social, cultural, pol\u00edtico y econ\u00f3mico del turismo\u00bb.<\/p>\n<p>El secretario auton\u00f3mico ha resaltado que \u00abeste foro que, con toda seguridad se convertir\u00e1 en un referente del \u00e1mbito acad\u00e9mico, ha logrado alojar en un mismo acontecimiento a investigadores, empresas, administraciones p\u00fablicas, instituciones y estudiantes interesados en el sector tur\u00edstico.<\/p>\n<p>Por ello, ha felicitado a la Facultat d&#8217;Economia de la Universitat de Val\u00e8ncia, Facultad \u00edntimamente ligada con el turismo, ya que ofrece el grado en Turismo, el m\u00e1ster en Direcci\u00f3n y Planificaci\u00f3n del Turismo, y el doble grado Turismo\/ADE.<\/p>\n<p>En esta l\u00ednea, ha destacado que esta facultad \u00abcuenta con un valioso plantel de profesores e investigadores en torno al sector tur\u00edstico\u00bb y ha explicado que \u00abes por ello que es terreno id\u00f3neo desde el que dotar de solvencia acad\u00e9mica a las reflexiones acerca del turismo que se hagan en este foro\u00bb.<\/p>\n<p>Adem\u00e1s, la Ag\u00e8ncia Valenciana del Turisme participa en forTUR#CV con un stand, y da a conocer a los participantes cuatro de los servicios que se ofrecen a estudiantes y emprendedores del sector tur\u00edstico, como Accetur, Invat.tur, las pr\u00e1cticas curriculares en las oficinas de turismo Tourist Info y la Red de CdT.<\/p>\n<p><strong>Visita a Bioparc Valencia<\/strong><\/p>\n<p>Adem\u00e1s, con motivo del D\u00eda Mundial del Turismo, Francesc Colomer se ha unido a una visita guiada por el Bioparc junto a Sandra G\u00f3mez y el director general de BIOPARC Valencia, Luis \u00c1ngel Mart\u00ednez.<\/p>\n<p>Cabe destacar que desde la oficina Tourist Info de la ciudad de Valencia se han organizado en colaboraci\u00f3n con el Bioparc Valencia visitas guiadas para celebrar el D\u00eda Mundial del Turismo.<\/p>\n<p>Estas visitas, forma parte de las diferentes actividades que se han organizado a trav\u00e9s de las oficinas de la Red Tourist Info de la Comunitat Valenciana que ofrecen diferentes actividades de puertas abiertas, gratuitas o a precios populares, a lo largo de todo el territorio hasta el pr\u00f3ximo d\u00eda 2 de octubre.<\/p>\n","protected":false},"excerpt":{"rendered":"<div class=\"mh-excerpt\">El secretario auton\u00f3mico de la Ag\u00e8ncia Valenciana del Turisme, Francesc Colomer, ha resaltado que, en el D\u00eda Mundial del Turismo, resulta necesario destacar \u00abel valor social, cultural, pol\u00edtico y econ\u00f3mico del Turismo\u00bb. Francesc Colomer ha <a class=\"mh-excerpt-more\" href=\"https:\/\/www.tucomarca.com\/wordpress\/segunda\/colomer-senala-que-en-el-dia-mundial-del-turismo-debemos-destacar-el-valor-social-cultural-politico-y-economico-del-turismo\/\" title=\"Colomer se\u00f1ala que en el D\u00eda Mundial del Turismo \u00abdebemos destacar el valor social, cultural, pol\u00edtico y econ\u00f3mico del Turismo\u00bb\">[+] <\/a><\/div>\n","protected":false},"author":1,"featured_media":49701,"comment_status":"open","ping_status":"open","sticky":false,"template":"","format":"standard","meta":{"footnotes":""},"categories":[8,72,7,27,3,45],"tags":[],"class_list":{"0":"post-49700","1":"post","2":"type-post","3":"status-publish","4":"format-standard","5":"has-post-thumbnail","7":"category-la-comarca","8":"category-sin-categorizar","9":"category-ocio-y-cultura","10":"category-requena-utiel","11":"category-seccion","12":"category-ventana"},"_links":{"self":[{"href":"https:\/\/www.tucomarca.com\/wordpress\/segunda\/wp-json\/wp\/v2\/posts\/49700","targetHints":{"allow":["GET"]}}],"collection":[{"href":"https:\/\/www.tucomarca.com\/wordpress\/segunda\/wp-json\/wp\/v2\/posts"}],"about":[{"href":"https:\/\/www.tucomarca.com\/wordpress\/segunda\/wp-json\/wp\/v2\/types\/post"}],"author":[{"embeddable":true,"href":"https:\/\/www.tucomarca.com\/wordpress\/segunda\/wp-json\/wp\/v2\/users\/1"}],"replies":[{"embeddable":true,"href":"https:\/\/www.tucomarca.com\/wordpress\/segunda\/wp-json\/wp\/v2\/comments?post=49700"}],"version-history":[{"count":0,"href":"https:\/\/www.tucomarca.com\/wordpress\/segunda\/wp-json\/wp\/v2\/posts\/49700\/revisions"}],"wp:featuredmedia":[{"embeddable":true,"href":"https:\/\/www.tucomarca.com\/wordpress\/segunda\/wp-json\/wp\/v2\/media\/49701"}],"wp:attachment":[{"href":"https:\/\/www.tucomarca.com\/wordpress\/segunda\/wp-json\/wp\/v2\/media?parent=49700"}],"wp:term":[{"taxonomy":"category","embeddable":true,"href":"https:\/\/www.tucomarca.com\/wordpress\/segunda\/wp-json\/wp\/v2\/categories?post=49700"},{"taxonomy":"post_tag","embeddable":true,"href":"https:\/\/www.tucomarca.com\/wordpress\/segunda\/wp-json\/wp\/v2\/tags?post=49700"}],"curies":[{"name":"wp","href":"https:\/\/api.w.org\/{rel}","templated":true}]}}