{"id":49706,"date":"2016-09-27T23:54:22","date_gmt":"2016-09-27T20:54:22","guid":{"rendered":"http:\/\/www.tucomarca.com\/wordpress\/segunda\/?p=49706"},"modified":"2016-09-27T23:54:22","modified_gmt":"2016-09-27T20:54:22","slug":"oumellal-se-impone-en-la-carrera-de-bunol-y-empata-con-zitane-en-el-primer-puesto-del-circuito-de-la-diputacion","status":"publish","type":"post","link":"https:\/\/www.tucomarca.com\/wordpress\/segunda\/oumellal-se-impone-en-la-carrera-de-bunol-y-empata-con-zitane-en-el-primer-puesto-del-circuito-de-la-diputacion\/","title":{"rendered":"Oumellal se impone en la carrera de Bu\u00f1ol y empata con Zitane en el primer puesto del Circuito de la Diputaci\u00f3n"},"content":{"rendered":"<figure id=\"attachment_49707\" aria-describedby=\"caption-attachment-49707\" style=\"width: 300px\" class=\"wp-caption alignleft\"><a href=\"https:\/\/www.tucomarca.com\/wordpress\/segunda\/wp-content\/uploads\/2016\/09\/carreraBunyol.jpg\"><img loading=\"lazy\" decoding=\"async\" class=\"size-medium wp-image-49707\" title=\"carreraBunyol\" src=\"https:\/\/www.tucomarca.com\/wordpress\/segunda\/wp-content\/uploads\/2016\/09\/carreraBunyol-300x169.jpg\" alt=\"Circuito de Carreras Populares de la Diputaci\u00f3n de Valencia en Bu\u00f1ol.\" width=\"300\" height=\"169\" srcset=\"https:\/\/www.tucomarca.com\/wordpress\/segunda\/wp-content\/uploads\/2016\/09\/carreraBunyol-300x169.jpg 300w, https:\/\/www.tucomarca.com\/wordpress\/segunda\/wp-content\/uploads\/2016\/09\/carreraBunyol-1024x577.jpg 1024w, https:\/\/www.tucomarca.com\/wordpress\/segunda\/wp-content\/uploads\/2016\/09\/carreraBunyol.jpg 1134w\" sizes=\"auto, (max-width: 300px) 100vw, 300px\" \/><\/a><figcaption id=\"caption-attachment-49707\" class=\"wp-caption-text\">Circuito de Carreras Populares de la Diputaci\u00f3n de Valencia en Bu\u00f1ol.<\/figcaption><\/figure>\n<p>El Circuito de Carreras Populares de la Diputaci\u00f3n de Valencia se detuvo este s\u00e1bado por segunda vez en la presente edici\u00f3n la comarca de la Hoya de Bu\u00f1ol-Chiva, y concretamente lo hizo en Bu\u00f1ol, donde se celebr\u00f3 la XXI Carrera de la Tomatina, una exigente prueba que tuvo un desenlace inesperado en categor\u00eda masculina al finalizar con el triunfo de Jaouad Oumellal por delante de Ouais Zitane, lo que anima la clasificaci\u00f3n general del circuito con un empate en el primer puesto masculino. No ocurre as\u00ed en f\u00e9minas, donde Isabel Checa no tuvo rival y anot\u00f3 una victoria m\u00e1s que la mantiene en cabeza en la clasificaci\u00f3n femenina.<\/p>\n<p>El CA Correores de Bu\u00f1ol, club anfitri\u00f3n de la d\u00e9cima prueba del circuito, hab\u00eda avisado que la XXI Carrera de la Tomatina iba a ser un \u201cSiete Aguas\u201d en peque\u00f1o y as\u00ed ocurri\u00f3: con un desnivel positivo de pr\u00e1cticamente 200 metros, las exigentes inclinaciones del recorrido presentaron a\u00a0este 10K como una de las pruebas \u00e9picas del calendario.<\/p>\n<p>La primera parte, especialmente del kil\u00f3metro 2 al kil\u00f3metro 5, fue de pronunciado descenso, mientras que la segunda mitad del recorrido hab\u00eda que volver a ascender hasta la zona de Las Ventas de Bu\u00f1ol, en la que se ubicaba la l\u00ednea de meta.\u00a0 Un circuito \u201ctrampa\u201d que a algunos se les acab\u00f3 atragantando, como por ejemplo al gran favorito a la victoria Ouais Zitane, quien en la primera parte cedi\u00f3 una ventaja a Jaouad Oumellal que no fue capaz de recortar despu\u00e9s a pesar de su esfuerzo, pues la zona de cuestas le dej\u00f3 justo de energ\u00edas para enfrentarse al tramo final en la Cuesta Roya, una dur\u00edsima pendiente en la que Oumellal en cambio s\u00ed pudo sacar las fuerzas suficientes para batir a Zitane. Con este resultado ambos atletas quedan empatados al frente de la general masculina con cuatro victorias.<\/p>\n<p>El tercero absoluto fue Luis F\u00e9lix Mart\u00ednez que tiene ya garantizado el triunfo en su categor\u00eda de Veteranos. En el resto de grupos de edad, Cristian Jim\u00e9nez venci\u00f3 en Juniors, Antonio Cubero hizo lo propio en Promesas, el local Ram\u00f3n Gin\u00e9s se alz\u00f3 con la victoria en Veteranos B y Miguel Ruiz fue el primero en Veteranos C.<\/p>\n<p>En mujeres no hubo imprevistos. Isabel Checa sum\u00f3 un nuevo triunfo y sigue acumulando victorias para alzarse con la general femenina. Eso s\u00ed, la atleta del CA Serrano no tiene margen de error y est\u00e1 obligada a completar las tres pruebas que restan del calendario. La veterana Joana Garc\u00eda fue la segunda clasificada absoluta, imponi\u00e9ndose incluso a Raquel Land\u00edn, que sufre mucho en recorridos como el de Bu\u00f1ol. M\u00aa Antonia Serrano se anot\u00f3 la victoria en Veteranas B, Geles Gimeno venci\u00f3 en Promesas, M\u00aa Jos\u00e9 Miguel se alz\u00f3 con el primer puesto en Veteranas C y Sara Ruiz se impuso en la categor\u00eda Junior.<\/p>\n<p>Tras 10 pruebas disputadas un total de 384 atletas han completado ya las ocho pruebas exigidas en el Circuito de la Dipu, otros 400 estar\u00edan en disposici\u00f3n de lograrlo en las tres pruebas que restan para la conclusi\u00f3n. El Circuito descansa ahora tres semanas hasta la Volta a Peu del Faro de Cullera, donde seguro que se volver\u00e1n a vivir grandes batallas deportivas.<\/p>\n","protected":false},"excerpt":{"rendered":"<div class=\"mh-excerpt\">El Circuito de Carreras Populares de la Diputaci\u00f3n de Valencia se detuvo este s\u00e1bado por segunda vez en la presente edici\u00f3n la comarca de la Hoya de Bu\u00f1ol-Chiva, y concretamente lo hizo en Bu\u00f1ol, donde <a class=\"mh-excerpt-more\" href=\"https:\/\/www.tucomarca.com\/wordpress\/segunda\/oumellal-se-impone-en-la-carrera-de-bunol-y-empata-con-zitane-en-el-primer-puesto-del-circuito-de-la-diputacion\/\" title=\"Oumellal se impone en la carrera de Bu\u00f1ol y empata con Zitane en el primer puesto del Circuito de la Diputaci\u00f3n\">[+] <\/a><\/div>\n","protected":false},"author":1,"featured_media":49707,"comment_status":"open","ping_status":"open","sticky":false,"template":"","format":"standard","meta":{"footnotes":""},"categories":[98,18,6,72,10,3,45],"tags":[],"class_list":{"0":"post-49706","1":"post","2":"type-post","3":"status-publish","4":"format-standard","5":"has-post-thumbnail","7":"category-atletismo","8":"category-bunol","9":"category-deportes","10":"category-sin-categorizar","11":"category-la-hoya","12":"category-seccion","13":"category-ventana"},"_links":{"self":[{"href":"https:\/\/www.tucomarca.com\/wordpress\/segunda\/wp-json\/wp\/v2\/posts\/49706","targetHints":{"allow":["GET"]}}],"collection":[{"href":"https:\/\/www.tucomarca.com\/wordpress\/segunda\/wp-json\/wp\/v2\/posts"}],"about":[{"href":"https:\/\/www.tucomarca.com\/wordpress\/segunda\/wp-json\/wp\/v2\/types\/post"}],"author":[{"embeddable":true,"href":"https:\/\/www.tucomarca.com\/wordpress\/segunda\/wp-json\/wp\/v2\/users\/1"}],"replies":[{"embeddable":true,"href":"https:\/\/www.tucomarca.com\/wordpress\/segunda\/wp-json\/wp\/v2\/comments?post=49706"}],"version-history":[{"count":0,"href":"https:\/\/www.tucomarca.com\/wordpress\/segunda\/wp-json\/wp\/v2\/posts\/49706\/revisions"}],"wp:featuredmedia":[{"embeddable":true,"href":"https:\/\/www.tucomarca.com\/wordpress\/segunda\/wp-json\/wp\/v2\/media\/49707"}],"wp:attachment":[{"href":"https:\/\/www.tucomarca.com\/wordpress\/segunda\/wp-json\/wp\/v2\/media?parent=49706"}],"wp:term":[{"taxonomy":"category","embeddable":true,"href":"https:\/\/www.tucomarca.com\/wordpress\/segunda\/wp-json\/wp\/v2\/categories?post=49706"},{"taxonomy":"post_tag","embeddable":true,"href":"https:\/\/www.tucomarca.com\/wordpress\/segunda\/wp-json\/wp\/v2\/tags?post=49706"}],"curies":[{"name":"wp","href":"https:\/\/api.w.org\/{rel}","templated":true}]}}