{"id":4971,"date":"2012-07-02T14:18:40","date_gmt":"2012-07-02T12:18:40","guid":{"rendered":"http:\/\/www.tucomarca.com\/wordpress\/segunda\/?p=4971"},"modified":"2012-07-03T14:18:49","modified_gmt":"2012-07-03T12:18:49","slug":"el-palacio-de-los-condes-de-cervello-de-anna-albergara-dos-nuevos-museos","status":"publish","type":"post","link":"https:\/\/www.tucomarca.com\/wordpress\/segunda\/el-palacio-de-los-condes-de-cervello-de-anna-albergara-dos-nuevos-museos\/","title":{"rendered":"El Palacio de los Condes de Cervell\u00f3 de Anna albergar\u00e1 dos nuevos museos"},"content":{"rendered":"<figure id=\"attachment_4972\" aria-describedby=\"caption-attachment-4972\" style=\"width: 300px\" class=\"wp-caption alignleft\"><a href=\"https:\/\/www.tucomarca.com\/wordpress\/segunda\/wp-content\/uploads\/2012\/07\/DSC07387.jpg\"><img loading=\"lazy\" decoding=\"async\" class=\"size-medium wp-image-4972\" title=\"SONY DSC\" src=\"https:\/\/www.tucomarca.com\/wordpress\/segunda\/wp-content\/uploads\/2012\/07\/DSC07387-300x199.jpg\" alt=\"Medinarecorri\u00f3 acompa\u00f1ado de los responsables municipales el Palacio.\" width=\"300\" height=\"199\" srcset=\"https:\/\/www.tucomarca.com\/wordpress\/segunda\/wp-content\/uploads\/2012\/07\/DSC07387-300x199.jpg 300w, https:\/\/www.tucomarca.com\/wordpress\/segunda\/wp-content\/uploads\/2012\/07\/DSC07387-1024x680.jpg 1024w\" sizes=\"auto, (max-width: 300px) 100vw, 300px\" \/><\/a><figcaption id=\"caption-attachment-4972\" class=\"wp-caption-text\">Medinarecorri\u00f3 acompa\u00f1ado de los responsables municipales el Palacio.<\/figcaption><\/figure>\n<p>El vicepresidente primero de la Diputaci\u00f3n de Valencia y diputado de Cooperaci\u00f3n Municipal, Juan Jos\u00e9 Medina, ha visitado el municipio de Anna, donde la instituci\u00f3n provincial y el ayuntamiento promueven la creaci\u00f3n de dos nuevos museos ubicados en el Palacio de los Condes de Cervell\u00f3.<\/p>\n<p>Medina, acompa\u00f1ado por el primer edil de la localidad, Miguel Adri\u00e1n Ram\u00edrez, y el diputado del Consorcio de Bomberos, Francisco Tarazona, recorri\u00f3 las dependencias del palacio para conocer la reciente rehabilitaci\u00f3n del edificio, en la que ha colaborado la corporaci\u00f3n provincial, y los novedosos proyectos culturales que el ayuntamiento de la localidad tiene para este edificio.<\/p>\n<p>\u201cHace aproximadamente un a\u00f1o que el consistorio apost\u00f3 por la promoci\u00f3n del palacio como reclamo tur\u00edstico del municipio y la comarca y, en la misma l\u00ednea, queremos dotarlo de mayor contenido cultural para mejorar la oferta a los visitantes\u201d, destac\u00f3 el alcalde.<\/p>\n<p>Adem\u00e1s del Museo Etnol\u00f3gico, que alberga la planta baja del palacio y en el que se han resuelto un problema de humedades con la ayuda de la Diputaci\u00f3n, el Ayuntamiento de Anna y la instituci\u00f3n provincial trabajan actualmente en la creaci\u00f3n de un museo arqueol\u00f3gico en el torre\u00f3n del edificio, que contendr\u00e1 piezas del propio municipio, fondos de la corporaci\u00f3n provincial y una colecci\u00f3n privada de Valencia.<\/p>\n<p>Estas actuaciones se complementar\u00e1n con la ubicaci\u00f3n del Museo del Agua en el s\u00f3tano del palacio, mediante el aprovechamiento del aljibe de la \u00e9poca musulmana conservado en su estado natural.<\/p>\n<p>El consistorio tambi\u00e9n est\u00e1 en conversaciones actualmente con el Museu Valenci\u00e0 de la Il.lustraci\u00f3 y la Modernitat (MuVIM) y la red de museos de la Diputaci\u00f3n para albergar de forma permanente alguna colecci\u00f3n de obras pict\u00f3ricas en el palacio.<\/p>\n<p>\u201cDesde la Diputaci\u00f3n de Valencia queremos colaborar con los ayuntamientos para poner en valor el rico patrimonio arquitect\u00f3nico y cultural de todos los municipios de la provincia, por lo que tratamos de apoyar en lo posible las iniciativas municipales en este sentido\u201d, concluy\u00f3 el vicepresidente Medina.<br \/>\nA continuaci\u00f3n, la comitiva visit\u00f3 la Albufera de Anna, donde la instituci\u00f3n provincial colaborar\u00e1 en la se\u00f1alizaci\u00f3n del lago y su entorno, as\u00ed como en su difusi\u00f3n mediante tr\u00edpticos informativos.<\/p>\n","protected":false},"excerpt":{"rendered":"<div class=\"mh-excerpt\">El vicepresidente primero de la Diputaci\u00f3n de Valencia y diputado de Cooperaci\u00f3n Municipal, Juan Jos\u00e9 Medina, ha visitado el municipio de Anna, donde la instituci\u00f3n provincial y el ayuntamiento promueven la creaci\u00f3n de dos nuevos <a class=\"mh-excerpt-more\" href=\"https:\/\/www.tucomarca.com\/wordpress\/segunda\/el-palacio-de-los-condes-de-cervello-de-anna-albergara-dos-nuevos-museos\/\" title=\"El Palacio de los Condes de Cervell\u00f3 de Anna albergar\u00e1 dos nuevos museos\">[+] <\/a><\/div>\n","protected":false},"author":1,"featured_media":4972,"comment_status":"open","ping_status":"open","sticky":false,"template":"","format":"standard","meta":{"footnotes":""},"categories":[78,128,70,8,3],"tags":[],"class_list":{"0":"post-4971","1":"post","2":"type-post","3":"status-publish","4":"format-standard","5":"has-post-thumbnail","7":"category-anna","8":"category-infraestructuras","9":"category-la-canal-de-navarres","10":"category-la-comarca","11":"category-seccion"},"_links":{"self":[{"href":"https:\/\/www.tucomarca.com\/wordpress\/segunda\/wp-json\/wp\/v2\/posts\/4971","targetHints":{"allow":["GET"]}}],"collection":[{"href":"https:\/\/www.tucomarca.com\/wordpress\/segunda\/wp-json\/wp\/v2\/posts"}],"about":[{"href":"https:\/\/www.tucomarca.com\/wordpress\/segunda\/wp-json\/wp\/v2\/types\/post"}],"author":[{"embeddable":true,"href":"https:\/\/www.tucomarca.com\/wordpress\/segunda\/wp-json\/wp\/v2\/users\/1"}],"replies":[{"embeddable":true,"href":"https:\/\/www.tucomarca.com\/wordpress\/segunda\/wp-json\/wp\/v2\/comments?post=4971"}],"version-history":[{"count":0,"href":"https:\/\/www.tucomarca.com\/wordpress\/segunda\/wp-json\/wp\/v2\/posts\/4971\/revisions"}],"wp:featuredmedia":[{"embeddable":true,"href":"https:\/\/www.tucomarca.com\/wordpress\/segunda\/wp-json\/wp\/v2\/media\/4972"}],"wp:attachment":[{"href":"https:\/\/www.tucomarca.com\/wordpress\/segunda\/wp-json\/wp\/v2\/media?parent=4971"}],"wp:term":[{"taxonomy":"category","embeddable":true,"href":"https:\/\/www.tucomarca.com\/wordpress\/segunda\/wp-json\/wp\/v2\/categories?post=4971"},{"taxonomy":"post_tag","embeddable":true,"href":"https:\/\/www.tucomarca.com\/wordpress\/segunda\/wp-json\/wp\/v2\/tags?post=4971"}],"curies":[{"name":"wp","href":"https:\/\/api.w.org\/{rel}","templated":true}]}}