{"id":49937,"date":"2016-10-03T11:15:43","date_gmt":"2016-10-03T08:15:43","guid":{"rendered":"http:\/\/www.tucomarca.com\/wordpress\/segunda\/?p=49937"},"modified":"2016-10-03T11:15:43","modified_gmt":"2016-10-03T08:15:43","slug":"puig-expresa-la-voluntad-de-la-generalitat-para-trabajar-conjuntamente-con-las-sociedades-musicales","status":"publish","type":"post","link":"https:\/\/www.tucomarca.com\/wordpress\/segunda\/puig-expresa-la-voluntad-de-la-generalitat-para-trabajar-conjuntamente-con-las-sociedades-musicales\/","title":{"rendered":"Puig expresa la voluntad de la Generalitat para trabajar conjuntamente con las sociedades musicales"},"content":{"rendered":"<p><span style=\"color: #4c4c4c;\"><span style=\"font-family: Arial, sans-serif;\"><span style=\"font-size: small;\"><span style=\"color: #000000;\"> <\/span><\/span><\/span><\/span><\/p>\n<figure id=\"attachment_49938\" aria-describedby=\"caption-attachment-49938\" style=\"width: 300px\" class=\"wp-caption alignleft\"><a href=\"https:\/\/www.tucomarca.com\/wordpress\/segunda\/wp-content\/uploads\/2016\/10\/SFMCVb.jpg\"><img loading=\"lazy\" decoding=\"async\" class=\"size-medium wp-image-49938\" title=\"SFMCVb\" src=\"https:\/\/www.tucomarca.com\/wordpress\/segunda\/wp-content\/uploads\/2016\/10\/SFMCVb-300x200.jpg\" alt=\"El jefe del Consell resalta el papel de la m\u00fasica como elemento cohesionador de la sociedad valenciana.\" width=\"300\" height=\"200\" srcset=\"https:\/\/www.tucomarca.com\/wordpress\/segunda\/wp-content\/uploads\/2016\/10\/SFMCVb-300x200.jpg 300w, https:\/\/www.tucomarca.com\/wordpress\/segunda\/wp-content\/uploads\/2016\/10\/SFMCVb-1024x682.jpg 1024w\" sizes=\"auto, (max-width: 300px) 100vw, 300px\" \/><\/a><figcaption id=\"caption-attachment-49938\" class=\"wp-caption-text\">El jefe del Consell resalta el papel de la m\u00fasica como elemento cohesionador de la sociedad valenciana.<\/figcaption><\/figure>\n<p>El President de la Generalitat, Ximo Puig, ha expresado el compromiso del Gobierno valenciano para trabajar conjuntamente con las sociedades musicales y lograr as\u00ed \u201ctodas las sinergias\u201d que permitan convertir a la Comunitat Valenciana \u201cen la capital de la m\u00fasica\u201d.<\/p>\n<p><span style=\"color: #4c4c4c;\"><span style=\"font-family: Arial, sans-serif;\"><span style=\"font-size: small;\"><span style=\"color: #000000;\">Puig se ha pronunciado en estos t\u00e9rminos durante la clausura de la 48\u00aa Asamblea General de la Federaci\u00f3n de Sociedades Musicales de la Comunitat Valenciana (FSMCV), en la que tambi\u00e9n ha destacado la voluntad de di\u00e1logo del Consell tras veinte a\u00f1os de ausencia de un President de la Generalitat en este encuentro.<\/span><\/span><\/span><\/span><\/p>\n<p><span style=\"color: #4c4c4c;\"><span style=\"font-family: Arial, sans-serif;\"><span style=\"font-size: small;\"><span style=\"color: #000000;\">En este sentido, el jefe del Consell, que ha estado acompa\u00f1ado por el conseller de Educaci\u00f3n, Investigaci\u00f3n, Cultura y Deporte, Vicent Marz\u00e0, ha destacado que su presencia era un \u201cgesto de absoluta normalidad\u201d, en un \u00e1mbito fundamental para la Comunitat como es la m\u00fasica. \u201cToda la Comunitat Valenciana est\u00e1 cosida por lo que significan las sociedades musicales\u201d, ha asegurado Puig, al tiempo que ha incidido en la cohesi\u00f3n que aportan estas sociedades, ya que suponen \u201cun ejemplo de intentar sumar\u201d y de fortalecer \u201cla unidad de los valencianos\u201d.<\/span><\/span><\/span><\/span><\/p>\n<p><span style=\"color: #4c4c4c;\"><span style=\"font-family: Arial, sans-serif;\"><span style=\"font-size: small;\"><span style=\"color: #000000;\">Por eso, el President ha llamado a hacer del lenguaje de la m\u00fasica \u201cesa bandera de paz\u201d para restaurar la falta de di\u00e1logo que hab\u00eda existido por parte de anteriores gobiernos de la Generalitat.<\/span><\/span><\/span><\/span><\/p>\n<p><span style=\"color: #4c4c4c;\"><span style=\"font-family: Arial, sans-serif;\"><span style=\"font-size: small;\"><span style=\"color: #000000;\">Durante su intervenci\u00f3n, el jefe del Consell tambi\u00e9n ha se\u00f1alado la importancia que tienen las sociedades musicales sobre la creaci\u00f3n de empleo, ya que, seg\u00fan ha manifestado, \u201chay miles de j\u00f3venes que pueden tener su futuro tambi\u00e9n en la m\u00fasica\u201d. Por ello, ha insistido en que la industria cultural que significa la m\u00fasica debe contar \u201ccon toda su expansi\u00f3n y todas sus posibilidades\u201d.<\/span><\/span><\/span><\/span><\/p>\n<p><span style=\"color: #4c4c4c;\"><span style=\"font-family: Arial, sans-serif;\"><span style=\"font-size: small;\"><span style=\"color: #000000;\">Por su parte, el conseller Vicent Marz\u00e0 tambi\u00e9n ha coincidido con el President en manifestar la disposici\u00f3n del Gobierno valenciano para trabajar junto con las sociedades musicales en \u00e1mbitos como una mejora del presupuesto para la federaci\u00f3n o la designaci\u00f3n de estas organizaciones como Bien de Inter\u00e9s Cultural.<\/span><\/span><\/span><\/span><\/p>\n<p><span style=\"color: #4c4c4c;\"><span style=\"font-family: Arial, sans-serif;\"><span style=\"font-size: small;\"><span style=\"color: #000000;\">Asimismo, Marz\u00e0 ha alabado la labor pionera de estas sociedades porque fueron los primeros que empezaron a hablar \u201cde igualdad e inclusi\u00f3n desde la m\u00fasica\u201d, por lo que ha asegurado que el dinero p\u00fablico que va hacia las sociedades musicales \u201cno es un gasto, es una inversi\u00f3n\u201d.<\/span><\/span><\/span><\/span><\/p>\n<p><span style=\"color: #4c4c4c;\"><span style=\"font-family: Arial, sans-serif;\"><span style=\"font-size: small;\"><span style=\"color: #000000;\">Durante el encuentro, el m\u00e1ximo representante de la Generalitat ha presidido, junto con el presidente de la Federaci\u00f3n de Sociedades Musicales de la Comunitat Valenciana, Pedro Manuel Rodr\u00edguez, los tres reconocimientos que otorga la entidad, concretamente a la Sociedad Musical de Barx por su 130 aniversario, a Amalia Mart\u00ednez, directiva de la FSMCV que deja su cargo y, finalmente, al ex presidente comarcal de la FSMCV, \u00c1ngel Mart\u00ednez.<\/span><\/span><\/span><\/span><\/p>\n<p>&nbsp;<\/p>\n<p><span style=\"color: #4c4c4c;\"><span style=\"font-family: Arial, sans-serif;\"><span style=\"font-size: small;\"><span style=\"color: #000000;\"><strong>Desfile de bandas de la Ribera Baixa<\/strong><\/span><\/span><\/span><\/span><\/p>\n<p><span style=\"color: #4c4c4c;\"><span style=\"font-family: Arial, sans-serif;\"><span style=\"font-size: small;\"><span style=\"color: #000000;\">Al finalizar la 48\u00aa asamblea general de la FSMCV, el jefe del Consell ha asistido al desfile de bandas musicales de la Ribera Baixa donde, acompa\u00f1ado por autoridades locales, ha impuesto un corbat\u00edn al estandarte de cada una de las quince sociedades musicales participantes.<\/span><\/span><\/span><\/span><\/p>\n<p>&nbsp;<\/p>\n","protected":false},"excerpt":{"rendered":"<div class=\"mh-excerpt\">El President de la Generalitat, Ximo Puig, ha expresado el compromiso del Gobierno valenciano para trabajar conjuntamente con las sociedades musicales y lograr as\u00ed \u201ctodas las sinergias\u201d que permitan convertir a la Comunitat Valenciana \u201cen <a class=\"mh-excerpt-more\" href=\"https:\/\/www.tucomarca.com\/wordpress\/segunda\/puig-expresa-la-voluntad-de-la-generalitat-para-trabajar-conjuntamente-con-las-sociedades-musicales\/\" title=\"Puig expresa la voluntad de la Generalitat para trabajar conjuntamente con las sociedades musicales\">[+] <\/a><\/div>\n","protected":false},"author":1,"featured_media":49938,"comment_status":"open","ping_status":"open","sticky":false,"template":"","format":"standard","meta":{"footnotes":""},"categories":[66,72,10,42,7,3,45],"tags":[],"class_list":{"0":"post-49937","1":"post","2":"type-post","3":"status-publish","4":"format-standard","5":"has-post-thumbnail","7":"category-musica","8":"category-sin-categorizar","9":"category-la-hoya","10":"category-la-ribera","11":"category-ocio-y-cultura","12":"category-seccion","13":"category-ventana"},"_links":{"self":[{"href":"https:\/\/www.tucomarca.com\/wordpress\/segunda\/wp-json\/wp\/v2\/posts\/49937","targetHints":{"allow":["GET"]}}],"collection":[{"href":"https:\/\/www.tucomarca.com\/wordpress\/segunda\/wp-json\/wp\/v2\/posts"}],"about":[{"href":"https:\/\/www.tucomarca.com\/wordpress\/segunda\/wp-json\/wp\/v2\/types\/post"}],"author":[{"embeddable":true,"href":"https:\/\/www.tucomarca.com\/wordpress\/segunda\/wp-json\/wp\/v2\/users\/1"}],"replies":[{"embeddable":true,"href":"https:\/\/www.tucomarca.com\/wordpress\/segunda\/wp-json\/wp\/v2\/comments?post=49937"}],"version-history":[{"count":0,"href":"https:\/\/www.tucomarca.com\/wordpress\/segunda\/wp-json\/wp\/v2\/posts\/49937\/revisions"}],"wp:featuredmedia":[{"embeddable":true,"href":"https:\/\/www.tucomarca.com\/wordpress\/segunda\/wp-json\/wp\/v2\/media\/49938"}],"wp:attachment":[{"href":"https:\/\/www.tucomarca.com\/wordpress\/segunda\/wp-json\/wp\/v2\/media?parent=49937"}],"wp:term":[{"taxonomy":"category","embeddable":true,"href":"https:\/\/www.tucomarca.com\/wordpress\/segunda\/wp-json\/wp\/v2\/categories?post=49937"},{"taxonomy":"post_tag","embeddable":true,"href":"https:\/\/www.tucomarca.com\/wordpress\/segunda\/wp-json\/wp\/v2\/tags?post=49937"}],"curies":[{"name":"wp","href":"https:\/\/api.w.org\/{rel}","templated":true}]}}