{"id":49946,"date":"2016-10-03T13:28:58","date_gmt":"2016-10-03T10:28:58","guid":{"rendered":"http:\/\/www.tucomarca.com\/wordpress\/segunda\/?p=49946"},"modified":"2016-10-03T13:30:32","modified_gmt":"2016-10-03T10:30:32","slug":"el-gran-premio-de-motociclismo-de-cheste-amplia-su-aforo-para-la-cita-del-proximo-13-de-noviembre","status":"publish","type":"post","link":"https:\/\/www.tucomarca.com\/wordpress\/segunda\/el-gran-premio-de-motociclismo-de-cheste-amplia-su-aforo-para-la-cita-del-proximo-13-de-noviembre\/","title":{"rendered":"El Gran Premio de Motociclismo de Cheste ampl\u00eda su aforo para la cita del pr\u00f3ximo 13 de noviembre"},"content":{"rendered":"<figure id=\"attachment_49947\" aria-describedby=\"caption-attachment-49947\" style=\"width: 300px\" class=\"wp-caption alignleft\"><a href=\"https:\/\/www.tucomarca.com\/wordpress\/segunda\/wp-content\/uploads\/2016\/10\/CARTEL_GP16b.jpg\"><img loading=\"lazy\" decoding=\"async\" class=\"size-medium wp-image-49947\" title=\"CARTEL_GP16b\" src=\"https:\/\/www.tucomarca.com\/wordpress\/segunda\/wp-content\/uploads\/2016\/10\/CARTEL_GP16b-300x199.jpg\" alt=\"Los pilotos valencianos del Mundial, H\u00e9ctor Barber\u00e1, Jorge Navarro y Ar\u00f3n Cane han posado junto al cartel con Marz\u00e0.\" width=\"300\" height=\"199\" \/><\/a><figcaption id=\"caption-attachment-49947\" class=\"wp-caption-text\">Los pilotos valencianos del Mundial, H\u00e9ctor Barber\u00e1, Jorge Navarro y Ar\u00f3n Cane han posado junto al cartel con Marz\u00e0.<\/figcaption><\/figure>\n<p>El conseller de Educaci\u00f3n, Investigaci\u00f3n, Cultura y Deporte, Vicent Marz\u00e0, ha presentado el cartel oficial de la 18\u00aa edici\u00f3n del Gran Premio Motul de la Comunitat Valenciana. Un a\u00f1o m\u00e1s, el Circuit Ricardo Tormo cerrar\u00e1 el calendario del Campeonato del Mundo de MotoGP.<\/p>\n<p>\u00abHace unos meses, viendo el ritmo al que iba la venta de abonos, pedimos al Circuit que estudiara la forma de conseguir que m\u00e1s gente pudiera vivir este gran acontecimiento y por eso se ha ampliado el aforo en 6.000 localidades\u00bb, ha se\u00f1alado el conseller Marz\u00e0 que adem\u00e1s ha destacado que \u00abel Gran Premio de motociclismo es de aquellos acontecimientos deportivos por los que hay que seguir apostando. Por este motivo, el Consell ha renovado con Dorna el contrato hasta el 2021 con unas condiciones transparentes y efectivas\u00bb.<\/p>\n<p>Las gradas del Circuit estar\u00e1n completamente llenas el 13 de noviembre. Las entradas que se pusieron a la venta el a\u00f1o pasado se agotaron en septiembre y las 6.000 localidades que el Circuit a\u00f1adir\u00e1 en gradas supletorias se han vendido en muy poco tiempo.<\/p>\n<p>El director general del Circuit, Gonzalo Gobert, ha explicado las novedades de la 18\u00aa edici\u00f3n de la carrera de Cheste. \u00abNovedades en la pista, en la grada, en los accesos y en el ambiente\u00bb, ha explicado. El Circuit ha renovado el asfalto en la parte de la recta de meta y la primera curva, ha decorado sus \u00e1reas de escape, ha asfaltado nuevos aparcamientos y plantado \u00e1rboles y setos que mejorar\u00e1n la experiencia de los aficionados.<\/p>\n<p>Adem\u00e1s, Gobert ha anunciado que el Circuit instalar\u00e1 un total de 10 pantallas gigantes que permitir\u00e1n \u00abpor primera vez en Cheste, que desde todas las tribunas del Circuit los aficionados tengan la oportunidad de seguir en vivo la producci\u00f3n de televisi\u00f3n\u00bb. Asimismo, se ha informado sobre la celebraci\u00f3n de un homenaje, durante la jornada del domingo, en el que la octava curva del Circuit pase a denominarse Curva Bernat Mart\u00ednez, en recuerdo del piloto de Alberic fallecido en 2015 en el circuito californiano de Laguna Seca.<\/p>\n<p>El cartel es obra de la agencia valenciana Cat And Curious y en \u00e9l est\u00e1n representados algunos de los protagonistas del que ser\u00e1 el \u00faltimo gran premio del a\u00f1o en la categor\u00eda reina. Esta creatividad ser\u00e1 la base de la imagen del Gran Premio, los pases los flyers informativos han servido como excusa para llevar a cabo un concurso en la p\u00e1gina de Facebook del Circuit, con m\u00e1s de 100.000 visualizaciones y cerca de 1.000 participantes.<\/p>\n<p>El hashtag del Gran Premio ser\u00e1 #ValenciaGP y las actividades para el p\u00fablico comenzar\u00e1n en la jornada del jueves 10 de noviembre con la celebraci\u00f3n de un paseo por el Pit Lane del Circuit abierto a todos los aficionados con entrada.<\/p>\n<p>Los pilotos valencianos del Mundial, H\u00e9ctor Barber\u00e1, en la categor\u00eda de MotoGP, y Jorge Navarro y Ar\u00f3n Canet, en la de Moto3, han posado junto al cartel y se han mostrado ilusionados con la posibilidad de \u00abhacer un buen papel en el Gran Premio de casa\u00bb, como ha indicado Barber\u00e1.<\/p>\n","protected":false},"excerpt":{"rendered":"<div class=\"mh-excerpt\">El conseller de Educaci\u00f3n, Investigaci\u00f3n, Cultura y Deporte, Vicent Marz\u00e0, ha presentado el cartel oficial de la 18\u00aa edici\u00f3n del Gran Premio Motul de la Comunitat Valenciana. Un a\u00f1o m\u00e1s, el Circuit Ricardo Tormo cerrar\u00e1 <a class=\"mh-excerpt-more\" href=\"https:\/\/www.tucomarca.com\/wordpress\/segunda\/el-gran-premio-de-motociclismo-de-cheste-amplia-su-aforo-para-la-cita-del-proximo-13-de-noviembre\/\" title=\"El Gran Premio de Motociclismo de Cheste ampl\u00eda su aforo para la cita del pr\u00f3ximo 13 de noviembre\">[+] <\/a><\/div>\n","protected":false},"author":1,"featured_media":49947,"comment_status":"open","ping_status":"open","sticky":false,"template":"","format":"standard","meta":{"footnotes":""},"categories":[83,17,6,10,91,3,45],"tags":[],"class_list":{"0":"post-49946","1":"post","2":"type-post","3":"status-publish","4":"format-standard","5":"has-post-thumbnail","7":"category-automovilismo","8":"category-cheste","9":"category-deportes","10":"category-la-hoya","11":"category-motociclismo","12":"category-seccion","13":"category-ventana"},"_links":{"self":[{"href":"https:\/\/www.tucomarca.com\/wordpress\/segunda\/wp-json\/wp\/v2\/posts\/49946","targetHints":{"allow":["GET"]}}],"collection":[{"href":"https:\/\/www.tucomarca.com\/wordpress\/segunda\/wp-json\/wp\/v2\/posts"}],"about":[{"href":"https:\/\/www.tucomarca.com\/wordpress\/segunda\/wp-json\/wp\/v2\/types\/post"}],"author":[{"embeddable":true,"href":"https:\/\/www.tucomarca.com\/wordpress\/segunda\/wp-json\/wp\/v2\/users\/1"}],"replies":[{"embeddable":true,"href":"https:\/\/www.tucomarca.com\/wordpress\/segunda\/wp-json\/wp\/v2\/comments?post=49946"}],"version-history":[{"count":0,"href":"https:\/\/www.tucomarca.com\/wordpress\/segunda\/wp-json\/wp\/v2\/posts\/49946\/revisions"}],"wp:featuredmedia":[{"embeddable":true,"href":"https:\/\/www.tucomarca.com\/wordpress\/segunda\/wp-json\/wp\/v2\/media\/49947"}],"wp:attachment":[{"href":"https:\/\/www.tucomarca.com\/wordpress\/segunda\/wp-json\/wp\/v2\/media?parent=49946"}],"wp:term":[{"taxonomy":"category","embeddable":true,"href":"https:\/\/www.tucomarca.com\/wordpress\/segunda\/wp-json\/wp\/v2\/categories?post=49946"},{"taxonomy":"post_tag","embeddable":true,"href":"https:\/\/www.tucomarca.com\/wordpress\/segunda\/wp-json\/wp\/v2\/tags?post=49946"}],"curies":[{"name":"wp","href":"https:\/\/api.w.org\/{rel}","templated":true}]}}