{"id":50015,"date":"2016-10-05T15:11:05","date_gmt":"2016-10-05T12:11:05","guid":{"rendered":"http:\/\/www.tucomarca.com\/wordpress\/segunda\/?p=50015"},"modified":"2016-10-05T15:11:05","modified_gmt":"2016-10-05T12:11:05","slug":"ya-estan-en-marcha-unisocietat-1-y-2-en-requena","status":"publish","type":"post","link":"https:\/\/www.tucomarca.com\/wordpress\/segunda\/ya-estan-en-marcha-unisocietat-1-y-2-en-requena\/","title":{"rendered":"Ya est\u00e1n en marcha Unisocietat 1 y 2 en Requena"},"content":{"rendered":"<figure id=\"attachment_50016\" aria-describedby=\"caption-attachment-50016\" style=\"width: 300px\" class=\"wp-caption alignleft\"><a href=\"https:\/\/www.tucomarca.com\/wordpress\/segunda\/wp-content\/uploads\/2016\/10\/Requenaunisocib.jpg\"><img loading=\"lazy\" decoding=\"async\" class=\"size-medium wp-image-50016\" title=\"Requenaunisocib\" src=\"https:\/\/www.tucomarca.com\/wordpress\/segunda\/wp-content\/uploads\/2016\/10\/Requenaunisocib-300x200.jpg\" alt=\"Ganas de aprender y ampliar conocimientos con profesores universitarios un a\u00f1o m\u00e1s en Requena.\" width=\"300\" height=\"200\" srcset=\"https:\/\/www.tucomarca.com\/wordpress\/segunda\/wp-content\/uploads\/2016\/10\/Requenaunisocib-300x200.jpg 300w, https:\/\/www.tucomarca.com\/wordpress\/segunda\/wp-content\/uploads\/2016\/10\/Requenaunisocib-1024x685.jpg 1024w, https:\/\/www.tucomarca.com\/wordpress\/segunda\/wp-content\/uploads\/2016\/10\/Requenaunisocib.jpg 1936w\" sizes=\"auto, (max-width: 300px) 100vw, 300px\" \/><\/a><figcaption id=\"caption-attachment-50016\" class=\"wp-caption-text\">Ganas de aprender y ampliar conocimientos con profesores universitarios un a\u00f1o m\u00e1s en Requena.<\/figcaption><\/figure>\n<p>Ya est\u00e1 en marcha un nuevo curso de Unisocietat Requena. Este martes 4 de octubre han comenzado las clases de Unisocietat 1, que se impartir\u00e1n cada martes de 16.00 h. a 19.20 h. en el Sal\u00f3n de Actos del Espacio Cultural Feliciano Antonio Yeves. Los asistentes seguir\u00e1n un programa multidisciplinar hasta el mes de junio con materias diversas como Geograf\u00eda e Historia, Derecho, Salud y Econom\u00eda.<\/p>\n<p>Este inicio de curso 2016-17 cont\u00f3 con la presencia del alcalde de Requena Mario S\u00e1nchez Gonz\u00e1lez, y el coordinador del programa Unisocietat de la Universidad de Valencia, \u00c1ngel Morales, que inauguraron la nueva temporada del programa Unisocietat Requena\u00a0 y dieron la bienvenida a los nuevos alumnos<\/p>\n<p>Por otro lado, este mismo mi\u00e9rcoles 5 de octubre comienza Unisocietat 2. El curso para los que ya participaron de la primera edici\u00f3n de Unisocietat Requena estar\u00e1 conformado por clases de Sociolog\u00eda, Literatura y Lengua Castellana, Patrimonio hist\u00f3rico valenciano y Biolog\u00eda.<\/p>\n<p>Este inico de curso ha incluido una visita guiada a la exposici\u00f3n \u201cDe Cervantes y Quijotes\u201d ubicada en el Templo de Santa Mar\u00eda para todos los alumnos de Unisocietat Requena.<\/p>\n<p>El \u00e9xito de matriculaci\u00f3n en ambos cursos demuestra la consolidaci\u00f3n del programa Unisocietat Requena que surgi\u00f3 del firme compromiso del Ayuntamiento de Requena por la formaci\u00f3n a lo largo de la vida con el inestimable apoyo de la Universidad de Valencia.<\/p>\n<p>Unisocietat Requena es un programa formativo abierto para mayores de 30 a\u00f1os de toda la comarca con inquietud por aprender y motivaci\u00f3n por la cultura. Son clases impartidas por los mejores especialistas universitarios con un enfoque dirigido a un p\u00fablico abierto y enfocado al conocimiento pr\u00e1ctico y cultural. Incluye, adem\u00e1s, un ciclo de conferencias con una oferta variada de temas de inter\u00e9s general.<\/p>\n","protected":false},"excerpt":{"rendered":"<div class=\"mh-excerpt\">Ya est\u00e1 en marcha un nuevo curso de Unisocietat Requena. Este martes 4 de octubre han comenzado las clases de Unisocietat 1, que se impartir\u00e1n cada martes de 16.00 h. a 19.20 h. en el <a class=\"mh-excerpt-more\" href=\"https:\/\/www.tucomarca.com\/wordpress\/segunda\/ya-estan-en-marcha-unisocietat-1-y-2-en-requena\/\" title=\"Ya est\u00e1n en marcha Unisocietat 1 y 2 en Requena\">[+] <\/a><\/div>\n","protected":false},"author":1,"featured_media":50016,"comment_status":"open","ping_status":"open","sticky":false,"template":"","format":"standard","meta":{"footnotes":""},"categories":[8,28,27,3,45],"tags":[],"class_list":{"0":"post-50015","1":"post","2":"type-post","3":"status-publish","4":"format-standard","5":"has-post-thumbnail","7":"category-la-comarca","8":"category-requena","9":"category-requena-utiel","10":"category-seccion","11":"category-ventana"},"_links":{"self":[{"href":"https:\/\/www.tucomarca.com\/wordpress\/segunda\/wp-json\/wp\/v2\/posts\/50015","targetHints":{"allow":["GET"]}}],"collection":[{"href":"https:\/\/www.tucomarca.com\/wordpress\/segunda\/wp-json\/wp\/v2\/posts"}],"about":[{"href":"https:\/\/www.tucomarca.com\/wordpress\/segunda\/wp-json\/wp\/v2\/types\/post"}],"author":[{"embeddable":true,"href":"https:\/\/www.tucomarca.com\/wordpress\/segunda\/wp-json\/wp\/v2\/users\/1"}],"replies":[{"embeddable":true,"href":"https:\/\/www.tucomarca.com\/wordpress\/segunda\/wp-json\/wp\/v2\/comments?post=50015"}],"version-history":[{"count":0,"href":"https:\/\/www.tucomarca.com\/wordpress\/segunda\/wp-json\/wp\/v2\/posts\/50015\/revisions"}],"wp:featuredmedia":[{"embeddable":true,"href":"https:\/\/www.tucomarca.com\/wordpress\/segunda\/wp-json\/wp\/v2\/media\/50016"}],"wp:attachment":[{"href":"https:\/\/www.tucomarca.com\/wordpress\/segunda\/wp-json\/wp\/v2\/media?parent=50015"}],"wp:term":[{"taxonomy":"category","embeddable":true,"href":"https:\/\/www.tucomarca.com\/wordpress\/segunda\/wp-json\/wp\/v2\/categories?post=50015"},{"taxonomy":"post_tag","embeddable":true,"href":"https:\/\/www.tucomarca.com\/wordpress\/segunda\/wp-json\/wp\/v2\/tags?post=50015"}],"curies":[{"name":"wp","href":"https:\/\/api.w.org\/{rel}","templated":true}]}}