{"id":5014,"date":"2012-07-03T17:11:18","date_gmt":"2012-07-03T15:11:18","guid":{"rendered":"http:\/\/www.tucomarca.com\/wordpress\/segunda\/?p=5014"},"modified":"2012-07-03T17:11:18","modified_gmt":"2012-07-03T15:11:18","slug":"el-consell-traslada-sus-condolencias-a-la-familia-del-piloto-fallecido-en-el-incendio-de-cortes-de-pallas","status":"publish","type":"post","link":"https:\/\/www.tucomarca.com\/wordpress\/segunda\/el-consell-traslada-sus-condolencias-a-la-familia-del-piloto-fallecido-en-el-incendio-de-cortes-de-pallas\/","title":{"rendered":"El Consell traslada sus condolencias a la familia del piloto fallecido en el incendio de Cortes de Pall\u00e1s"},"content":{"rendered":"<p>El President de la Generalitat, Alberto Fabra, ha trasladado su m\u00e1s sentido p\u00e9same a los familiares del piloto fallecido en un accidente de helic\u00f3ptero en el embalse de Forata (Y\u00e1tova) mientras trabajaba en las labores de extinci\u00f3n del incendio de Cortes de Pall\u00e1s.<\/p>\n<p>Fabra ha transmitido su solidaridad y la de todo el Consell a los compa\u00f1eros del piloto fallecido, y ha reiterado el agradecimiento de la sociedad valenciana por la labor que desarrollan, por su profesionalidad y esfuerzo en la conservaci\u00f3n de un patrimonio que es de todos.<\/p>\n<p>Por \u00faltimo, el Jefe del Consell ha agradecido profundamente el trabajo de todas las personas que est\u00e1n colaborando en la lucha contra los incendios.<\/p>\n<p>El piloto fallecido, de 60 a\u00f1os de edad, era un coronel en la reserva con m\u00e1s de mil horas de vuelo y con participaci\u00f3n en trece siniestros anteriores.<\/p>\n","protected":false},"excerpt":{"rendered":"<div class=\"mh-excerpt\">El President de la Generalitat, Alberto Fabra, ha trasladado su m\u00e1s sentido p\u00e9same a los familiares del piloto fallecido en un accidente de helic\u00f3ptero en el embalse de Forata (Y\u00e1tova) mientras trabajaba en las labores <a class=\"mh-excerpt-more\" href=\"https:\/\/www.tucomarca.com\/wordpress\/segunda\/el-consell-traslada-sus-condolencias-a-la-familia-del-piloto-fallecido-en-el-incendio-de-cortes-de-pallas\/\" title=\"El Consell traslada sus condolencias a la familia del piloto fallecido en el incendio de Cortes de Pall\u00e1s\">[+] <\/a><\/div>\n","protected":false},"author":1,"featured_media":0,"comment_status":"open","ping_status":"open","sticky":false,"template":"","format":"standard","meta":{"footnotes":""},"categories":[41,8,10,42,3,116],"tags":[],"class_list":{"0":"post-5014","1":"post","2":"type-post","3":"status-publish","4":"format-standard","6":"category-cofrentes","7":"category-la-comarca","8":"category-la-hoya","9":"category-la-ribera","10":"category-seccion","11":"category-sucesos-la-comarca"},"_links":{"self":[{"href":"https:\/\/www.tucomarca.com\/wordpress\/segunda\/wp-json\/wp\/v2\/posts\/5014","targetHints":{"allow":["GET"]}}],"collection":[{"href":"https:\/\/www.tucomarca.com\/wordpress\/segunda\/wp-json\/wp\/v2\/posts"}],"about":[{"href":"https:\/\/www.tucomarca.com\/wordpress\/segunda\/wp-json\/wp\/v2\/types\/post"}],"author":[{"embeddable":true,"href":"https:\/\/www.tucomarca.com\/wordpress\/segunda\/wp-json\/wp\/v2\/users\/1"}],"replies":[{"embeddable":true,"href":"https:\/\/www.tucomarca.com\/wordpress\/segunda\/wp-json\/wp\/v2\/comments?post=5014"}],"version-history":[{"count":0,"href":"https:\/\/www.tucomarca.com\/wordpress\/segunda\/wp-json\/wp\/v2\/posts\/5014\/revisions"}],"wp:attachment":[{"href":"https:\/\/www.tucomarca.com\/wordpress\/segunda\/wp-json\/wp\/v2\/media?parent=5014"}],"wp:term":[{"taxonomy":"category","embeddable":true,"href":"https:\/\/www.tucomarca.com\/wordpress\/segunda\/wp-json\/wp\/v2\/categories?post=5014"},{"taxonomy":"post_tag","embeddable":true,"href":"https:\/\/www.tucomarca.com\/wordpress\/segunda\/wp-json\/wp\/v2\/tags?post=5014"}],"curies":[{"name":"wp","href":"https:\/\/api.w.org\/{rel}","templated":true}]}}