{"id":5016,"date":"2012-07-03T17:15:21","date_gmt":"2012-07-03T15:15:21","guid":{"rendered":"http:\/\/www.tucomarca.com\/wordpress\/segunda\/?p=5016"},"modified":"2012-07-03T17:15:21","modified_gmt":"2012-07-03T15:15:21","slug":"fabra-anuncia-una-comision-interdepartamental-entre-estado-consell-y-diputaciones-para-evaluar-los-danos-y-aprobar-las-ayudas-a-los-afectados-por-los-incendios","status":"publish","type":"post","link":"https:\/\/www.tucomarca.com\/wordpress\/segunda\/fabra-anuncia-una-comision-interdepartamental-entre-estado-consell-y-diputaciones-para-evaluar-los-danos-y-aprobar-las-ayudas-a-los-afectados-por-los-incendios\/","title":{"rendered":"Fabra anuncia una Comisi\u00f3n Interdepartamental entre Estado, Consell y Diputaciones para evaluar los da\u00f1os y aprobar las ayudas a los afectados por los incendios"},"content":{"rendered":"<figure id=\"attachment_5017\" aria-describedby=\"caption-attachment-5017\" style=\"width: 300px\" class=\"wp-caption alignleft\"><a href=\"https:\/\/www.tucomarca.com\/wordpress\/segunda\/wp-content\/uploads\/2012\/07\/alberto-fabra-reunion-ministro-interior-1.jpg\"><img loading=\"lazy\" decoding=\"async\" class=\"size-medium wp-image-5017\" title=\"alberto fabra reunion ministro interior 1\" src=\"https:\/\/www.tucomarca.com\/wordpress\/segunda\/wp-content\/uploads\/2012\/07\/alberto-fabra-reunion-ministro-interior-1-300x202.jpg\" alt=\"El President de la Generalitat con el Ministrodel Interior.\" width=\"300\" height=\"202\" srcset=\"https:\/\/www.tucomarca.com\/wordpress\/segunda\/wp-content\/uploads\/2012\/07\/alberto-fabra-reunion-ministro-interior-1-300x202.jpg 300w, https:\/\/www.tucomarca.com\/wordpress\/segunda\/wp-content\/uploads\/2012\/07\/alberto-fabra-reunion-ministro-interior-1-1024x692.jpg 1024w\" sizes=\"auto, (max-width: 300px) 100vw, 300px\" \/><\/a><figcaption id=\"caption-attachment-5017\" class=\"wp-caption-text\">El President de la Generalitat con el Ministrodel Interior.<\/figcaption><\/figure>\n<p>El Presidente de la Generalitat, Alberto Fabra, ha anunciado la creaci\u00f3n de una Comisi\u00f3n Mixta Interdepartamental formada por representantes del Gobierno Central,\u00a0 la Generalitat Valenciana y las Diputaciones, para fijar el nivel de ayudas y que sean aprobadas por el Pleno del Consell y el Consejo de Ministros el pr\u00f3ximo viernes.<\/p>\n<p>El President de la Generalitat, Alberto Fabra, ha realizado este anuncio tras la reuni\u00f3n de coordinaci\u00f3n que ha mantenido junto al Ministro del Interior, Jorge Fern\u00e1ndez D\u00edaz, con motivo de los incendios de Cortes de Pall\u00e1s y Andilla que han afectado a la Comunitat Valenciana en los \u00faltimos d\u00edas. A la reuni\u00f3n tambi\u00e9n han asistido miembros del Consell con competencias en la materia y representantes de las Diputaciones de Valencia y Castell\u00f3n.<\/p>\n<p>El President ha informado que ser\u00e1n los ayuntamientos los que centralizar\u00e1n las peticiones de los ciudadanos afectados y las trasladar\u00e1n al Gobierno Central, Consell y\u00a0 Diputaciones.\u00a0 \u201cPara eso \u2013ha se\u00f1alado\u2014 se pondr\u00e1n a disposici\u00f3n de los ciudadanos tres puntos\u00a0 en la Comunitat, dos en la provincia Valencia y otro en la provincia Castell\u00f3n\u201d.<\/p>\n<p>Alberto Fabra ha tendido la mano a los ciudadanos y vecinos afectados y ha subrayado que \u201cno les vamos a fallar\u201d porque \u201cnecesitan la tutela y amparo de la Generalitat\u201d y por ello \u201cvamos a agilizar la tramitaci\u00f3n para facilitar el acceso a las ayudas y el cobro\u201d.<\/p>\n<p>\u201cAdem\u00e1s \u2013ha a\u00f1adido- vamos\u00a0 a trabajar conjuntamente\u00a0 para la\u00a0 retirada de la madera\u00a0 quemada, junto con los t\u00e9cnicos de las tres administraciones, y vamos a regenerar la zona en los plazos mas convenientes dictaminados por los profesionales\u201d.<\/p>\n<p>El President tambi\u00e9n ha anunciado que todas las personas que han trabajado tanto en la extinci\u00f3n de los incendios como en la evacuaci\u00f3n de los vecinos van a ser galardonadas con la Distinci\u00f3n de la Generalitat.<\/p>\n<p>\u201cTodas las personas que han colaborado se merecen el reconocimiento de la Administraci\u00f3n, civiles y cargos p\u00fablicos que no han descansado para conservar la vida de las personas y de su municipio\u201d, ha afirmado Fabra.<\/p>\n<p>Seg\u00fan ha explicado el Jefe del Consell \u201chemos superado una dif\u00edcil prueba y hemos sido capaces de poder responder con seriedad, responsabilidad y sensatez\u201d, por ello ha asegurado que ahora la Generalitat va a trabajar \u201cpara recuperar la normalidad que han perdido los ciudadanos y reponer los servicios b\u00e1sicos de los 22 municipios como el abastecimiento de agua, alumbrado o telefon\u00eda\u201d.<\/p>\n<p><strong>Es el momento de ayudar y atender a las personas <\/strong><\/p>\n<p>El President de la Generalitat y el Ministro del Interior han visitado esta ma\u00f1ana a los heridos y a los familiares de la v\u00edctima mortal y les han transmitido la solidaridad y el cari\u00f1o de todos los valencianos y espa\u00f1oles.<\/p>\n<p>\u201cEs momento ahora de tender la ayuda a las personas que han sufrido\u00a0 y debemos ser capaces de generar la confianza necesaria para atender las necesidades de los ciudadanos, de forma sencilla, \u00e1gil y r\u00e1pida\u201d, ha asegurado el President.<\/p>\n<p>Durante su comparecencia, Alberto Fabra ha informado que el incendio ha afectado a 50.000 hect\u00e1reas y que un total de 1.800 personas han trabajado en las tareas de extinci\u00f3n, en condiciones adversas, con temperaturas y velocidad del viento muy altas.<\/p>\n<p>Por ello, ha agradecido la colaboraci\u00f3n de todos los vecinos de las \u00e1reas afectadas y ha resaltado la \u201cforma ordenada y responsable con la que se han producido los desalojos que han afectado a m\u00e1s de 4.000 personas sin ning\u00fan incidente\u201d.<\/p>\n<p>Por otro lado, ha felicitado la labor de la Guardia Civil, Protecci\u00f3n Civil, bomberos, brigadistas, voluntarios,\u00a0 polic\u00edas, alcaldes y concejales.<\/p>\n","protected":false},"excerpt":{"rendered":"<div class=\"mh-excerpt\">El Presidente de la Generalitat, Alberto Fabra, ha anunciado la creaci\u00f3n de una Comisi\u00f3n Mixta Interdepartamental formada por representantes del Gobierno Central,\u00a0 la Generalitat Valenciana y las Diputaciones, para fijar el nivel de ayudas y <a class=\"mh-excerpt-more\" href=\"https:\/\/www.tucomarca.com\/wordpress\/segunda\/fabra-anuncia-una-comision-interdepartamental-entre-estado-consell-y-diputaciones-para-evaluar-los-danos-y-aprobar-las-ayudas-a-los-afectados-por-los-incendios\/\" title=\"Fabra anuncia una Comisi\u00f3n Interdepartamental entre Estado, Consell y Diputaciones para evaluar los da\u00f1os y aprobar las ayudas a los afectados por los incendios\">[+] <\/a><\/div>\n","protected":false},"author":1,"featured_media":5017,"comment_status":"open","ping_status":"open","sticky":false,"template":"","format":"standard","meta":{"footnotes":""},"categories":[46,41,8,10,42,3,116],"tags":[],"class_list":{"0":"post-5016","1":"post","2":"type-post","3":"status-publish","4":"format-standard","5":"has-post-thumbnail","7":"category-camp-de-turia","8":"category-cofrentes","9":"category-la-comarca","10":"category-la-hoya","11":"category-la-ribera","12":"category-seccion","13":"category-sucesos-la-comarca"},"_links":{"self":[{"href":"https:\/\/www.tucomarca.com\/wordpress\/segunda\/wp-json\/wp\/v2\/posts\/5016","targetHints":{"allow":["GET"]}}],"collection":[{"href":"https:\/\/www.tucomarca.com\/wordpress\/segunda\/wp-json\/wp\/v2\/posts"}],"about":[{"href":"https:\/\/www.tucomarca.com\/wordpress\/segunda\/wp-json\/wp\/v2\/types\/post"}],"author":[{"embeddable":true,"href":"https:\/\/www.tucomarca.com\/wordpress\/segunda\/wp-json\/wp\/v2\/users\/1"}],"replies":[{"embeddable":true,"href":"https:\/\/www.tucomarca.com\/wordpress\/segunda\/wp-json\/wp\/v2\/comments?post=5016"}],"version-history":[{"count":0,"href":"https:\/\/www.tucomarca.com\/wordpress\/segunda\/wp-json\/wp\/v2\/posts\/5016\/revisions"}],"wp:featuredmedia":[{"embeddable":true,"href":"https:\/\/www.tucomarca.com\/wordpress\/segunda\/wp-json\/wp\/v2\/media\/5017"}],"wp:attachment":[{"href":"https:\/\/www.tucomarca.com\/wordpress\/segunda\/wp-json\/wp\/v2\/media?parent=5016"}],"wp:term":[{"taxonomy":"category","embeddable":true,"href":"https:\/\/www.tucomarca.com\/wordpress\/segunda\/wp-json\/wp\/v2\/categories?post=5016"},{"taxonomy":"post_tag","embeddable":true,"href":"https:\/\/www.tucomarca.com\/wordpress\/segunda\/wp-json\/wp\/v2\/tags?post=5016"}],"curies":[{"name":"wp","href":"https:\/\/api.w.org\/{rel}","templated":true}]}}