{"id":50405,"date":"2016-10-14T21:33:40","date_gmt":"2016-10-14T18:33:40","guid":{"rendered":"http:\/\/www.tucomarca.com\/wordpress\/segunda\/?p=50405"},"modified":"2016-10-14T21:33:40","modified_gmt":"2016-10-14T18:33:40","slug":"la-diputacion-plantea-a-la-generalitat-trasladar-a-pacientes-del-psiquiatrico-de-betera-a-sus-residencias","status":"publish","type":"post","link":"https:\/\/www.tucomarca.com\/wordpress\/segunda\/la-diputacion-plantea-a-la-generalitat-trasladar-a-pacientes-del-psiquiatrico-de-betera-a-sus-residencias\/","title":{"rendered":"La Diputaci\u00f3n plantea a la Generalitat trasladar a pacientes del psiqui\u00e1trico de B\u00e9tera a sus residencias"},"content":{"rendered":"<figure id=\"attachment_50410\" aria-describedby=\"caption-attachment-50410\" style=\"width: 300px\" class=\"wp-caption alignleft\"><a href=\"https:\/\/www.tucomarca.com\/wordpress\/segunda\/wp-content\/uploads\/2016\/10\/OltraAmigo.jpg\"><img loading=\"lazy\" decoding=\"async\" class=\"size-medium wp-image-50410\" title=\"OltraAmigo\" src=\"https:\/\/www.tucomarca.com\/wordpress\/segunda\/wp-content\/uploads\/2016\/10\/OltraAmigo-300x198.jpg\" alt=\"Reuni\u00f3n entre Maria Josep Amig\u00f3, Mercedes Berenguer y M\u00f3nica Oltra.\" width=\"300\" height=\"198\" \/><\/a><figcaption id=\"caption-attachment-50410\" class=\"wp-caption-text\">Reuni\u00f3n entre Maria Josep Amig\u00f3, Mercedes Berenguer y M\u00f3nica Oltra.<\/figcaption><\/figure>\n<p>La diputada de Bienestar Social, Mercedes Berenguer, aprovech\u00f3 su reuni\u00f3n con la vicepresidenta del Consell, M\u00f2nica Oltra, para solicitar la reserva de camas para pacientes de larga estancia del Psiqui\u00e1trico de B\u00e9tera en los pabellones que la residencia Eulen gestiona en las instalaciones del psiqui\u00e1trico.<\/p>\n<p>Berenguer, que acudi\u00f3 al encuentro con Oltra junto a la vicepresidenta de la Diputaci\u00f3n, M\u00aa Josep Amig\u00f3, acord\u00f3 con la responsable de Igualdad y Pol\u00edtica Inclusiva del Consell que en la revisi\u00f3n del contrato entre la Generalitat y la empresa privada Eulen se tratar\u00e1 la reserva de las camas para pacientes del psiqui\u00e1trico y se intentar\u00e1n aprovechar las sinergias en materia de contratas como la de la comida y la gesti\u00f3n de residuos en las instalaciones de B\u00e9tera.<\/p>\n<p>La diputada de Bienestar Social ha explicado que las plazas que solicita, que podr\u00edan ser unas cuatro o cinco al a\u00f1o, estar\u00edan destinadas a pacientes del psiqui\u00e1trico \u201ccuya patolog\u00eda prioritaria no es la mental, con lo que su tratamiento y cuidado est\u00e1 m\u00e1s acorde con el que ofrece una residencia que con la atenci\u00f3n que presta el psiqui\u00e1trico de B\u00e9tera\u201d.<\/p>\n<p>Los dos pabellones de Eulen fueron cedidos en su d\u00eda por la Diputaci\u00f3n a la Generalitat, que a su vez los cedi\u00f3 a esta firma privada para que los gestionase, fruto de un contrato que debe ser revisado el pr\u00f3ximo mes de febrero.<\/p>\n<p>La intenci\u00f3n del \u00e1rea que dirige Mercedes Berenguer y de la Diputaci\u00f3n de Valencia es integrar el psiqui\u00e1trico de B\u00e9tera en la red de salud p\u00fablica y separar la atenci\u00f3n que se da a los pacientes con patolog\u00edas mentales, con vistas a reintegrar a esas personas en la sociedad en los casos en que sea posible, de la que se presta a otro tipo de pacientes de larga estancia cuya patolog\u00eda encaja mejor en los servicios que prestan las residencias.<\/p>\n<p>El primer paso que ha dado el \u00e1rea de Bienestar Social, tras renovar a parte del equipo m\u00e9dico del psiqui\u00e1trico y mostrar su intenci\u00f3n de acabar con el estigma que rodea a la salud mental, es la puesta en marcha de un nuevo modelo de atenci\u00f3n enfocado a la media estancia, que permitir\u00e1 a los usuarios recibir tratamientos de rehabilitaci\u00f3n sin necesidad del internamiento definitivo.<\/p>\n<p>\u00c9sta y otras novedades de la gesti\u00f3n del \u00e1rea que dirige Mercedes Berenguer se dar\u00e1n a conocer p\u00fablicamente el s\u00e1bado 22 de octubre, en el marco de la jornada de puertas abiertas en el Psiqui\u00e1trico de B\u00e9tera, donde se recibir\u00e1 a los usuarios de los servicios de Salud Mental, familiares, asociaciones, vecinos y a todos los interesados en conocer de cerca los servicios del centro y el mundo de la Psiquiatr\u00eda de forma l\u00fadica y sin prejuicios.<\/p>\n","protected":false},"excerpt":{"rendered":"<div class=\"mh-excerpt\">La diputada de Bienestar Social, Mercedes Berenguer, aprovech\u00f3 su reuni\u00f3n con la vicepresidenta del Consell, M\u00f2nica Oltra, para solicitar la reserva de camas para pacientes de larga estancia del Psiqui\u00e1trico de B\u00e9tera en los pabellones <a class=\"mh-excerpt-more\" href=\"https:\/\/www.tucomarca.com\/wordpress\/segunda\/la-diputacion-plantea-a-la-generalitat-trasladar-a-pacientes-del-psiquiatrico-de-betera-a-sus-residencias\/\" title=\"La Diputaci\u00f3n plantea a la Generalitat trasladar a pacientes del psiqui\u00e1trico de B\u00e9tera a sus residencias\">[+] <\/a><\/div>\n","protected":false},"author":1,"featured_media":50410,"comment_status":"open","ping_status":"open","sticky":false,"template":"","format":"standard","meta":{"footnotes":""},"categories":[51,46,119,8,72,3],"tags":[],"class_list":{"0":"post-50405","1":"post","2":"type-post","3":"status-publish","4":"format-standard","5":"has-post-thumbnail","7":"category-betera","8":"category-camp-de-turia","9":"category-sanidad-la-comarca","10":"category-la-comarca","11":"category-sin-categorizar","12":"category-seccion"},"_links":{"self":[{"href":"https:\/\/www.tucomarca.com\/wordpress\/segunda\/wp-json\/wp\/v2\/posts\/50405","targetHints":{"allow":["GET"]}}],"collection":[{"href":"https:\/\/www.tucomarca.com\/wordpress\/segunda\/wp-json\/wp\/v2\/posts"}],"about":[{"href":"https:\/\/www.tucomarca.com\/wordpress\/segunda\/wp-json\/wp\/v2\/types\/post"}],"author":[{"embeddable":true,"href":"https:\/\/www.tucomarca.com\/wordpress\/segunda\/wp-json\/wp\/v2\/users\/1"}],"replies":[{"embeddable":true,"href":"https:\/\/www.tucomarca.com\/wordpress\/segunda\/wp-json\/wp\/v2\/comments?post=50405"}],"version-history":[{"count":0,"href":"https:\/\/www.tucomarca.com\/wordpress\/segunda\/wp-json\/wp\/v2\/posts\/50405\/revisions"}],"wp:featuredmedia":[{"embeddable":true,"href":"https:\/\/www.tucomarca.com\/wordpress\/segunda\/wp-json\/wp\/v2\/media\/50410"}],"wp:attachment":[{"href":"https:\/\/www.tucomarca.com\/wordpress\/segunda\/wp-json\/wp\/v2\/media?parent=50405"}],"wp:term":[{"taxonomy":"category","embeddable":true,"href":"https:\/\/www.tucomarca.com\/wordpress\/segunda\/wp-json\/wp\/v2\/categories?post=50405"},{"taxonomy":"post_tag","embeddable":true,"href":"https:\/\/www.tucomarca.com\/wordpress\/segunda\/wp-json\/wp\/v2\/tags?post=50405"}],"curies":[{"name":"wp","href":"https:\/\/api.w.org\/{rel}","templated":true}]}}