{"id":5050,"date":"2012-07-04T14:11:59","date_gmt":"2012-07-04T12:11:59","guid":{"rendered":"http:\/\/www.tucomarca.com\/wordpress\/segunda\/?p=5050"},"modified":"2012-07-05T14:50:24","modified_gmt":"2012-07-05T12:50:24","slug":"cayo-lara-tiene-previsto-visitar-este-jueves-la-zona-afectada-por-el-incendio-de-cortes","status":"publish","type":"post","link":"https:\/\/www.tucomarca.com\/wordpress\/segunda\/cayo-lara-tiene-previsto-visitar-este-jueves-la-zona-afectada-por-el-incendio-de-cortes\/","title":{"rendered":"Cayo Lara tiene previsto visitar este jueves la zona afectada por el incendio de Cortes"},"content":{"rendered":"<figure id=\"attachment_5137\" aria-describedby=\"caption-attachment-5137\" style=\"width: 300px\" class=\"wp-caption alignleft\"><a href=\"https:\/\/www.tucomarca.com\/wordpress\/segunda\/wp-content\/uploads\/2012\/07\/IMG_3306.jpg\"><img loading=\"lazy\" decoding=\"async\" class=\"size-medium wp-image-5137\" title=\"IMG_3306\" src=\"https:\/\/www.tucomarca.com\/wordpress\/segunda\/wp-content\/uploads\/2012\/07\/IMG_3306-300x225.jpg\" alt=\"Cayo Lara junto a Marga Sanz y al edil bu\u00f1olense.\" width=\"300\" height=\"225\" srcset=\"https:\/\/www.tucomarca.com\/wordpress\/segunda\/wp-content\/uploads\/2012\/07\/IMG_3306-300x225.jpg 300w, https:\/\/www.tucomarca.com\/wordpress\/segunda\/wp-content\/uploads\/2012\/07\/IMG_3306.jpg 730w\" sizes=\"auto, (max-width: 300px) 100vw, 300px\" \/><\/a><figcaption id=\"caption-attachment-5137\" class=\"wp-caption-text\">Cayo Lara junto a Marga Sanz y al edil bu\u00f1olense.<\/figcaption><\/figure>\n<p>El l\u00edder de Esquerra Unida a nivel nacional, Cayo Lara, ha anunciado su intenci\u00f3n de visitar este juves la zona afectada por el incendio de Cortes de Pall\u00e1s. Tal como han informado fuentes del Ayuntamiento de Bu\u00f1ol, el diputado nacional tiene previsto desarrollar adem\u00e1s una reuni\u00f3n de trabajo en el citado consistorio \u00abpara estudiar las medidads que desde Esquerraa Unida queremos proponer tanto para acelerar la reforestaci\u00f3n de la zona afectada como para proteger nuestro t\u00e9rmino municipal, que ahora mismo no se encuentra en las mejores condiciones\u00bb, tal como ha explicado el Coordinador Local de EU y concejal de Comunicaci\u00f3n en el consistorio de Bu\u00f1ol, Rafa P\u00e9rez.<\/p>\n<p>El responsabel de EU en la localidad tambi\u00e9n ha subrayado que la visita de Cayo Laro es \u00abm\u00e1s importante si cabe por que \u00e9l es un aut\u00e9ntico experto en temas forestales, ya que era diputado por Castilla La Mancha cuando se produjo el incendio de Guadalajara, que ahora precisamente se est\u00e1 juzgando por la muerte de once brigadistas; y por tanto se podr\u00eda decir que es uan de las voces m\u00e1s cualificadas en temas forestales\u00bb.<\/p>\n<p>En el mimsmo orden de cosas, Cayo Lara ha mentenido este martes una reuni\u00f3n con la direcci\u00f3n de EUPV, los 4 diputados de las cortes valencianas, el diputado Ricardo Sixto y los coordinadores de las zonas afectadas por el incendio, as\u00ed como el\u00a0 alcalde de Bu\u00f1ol. En ella se trataron la problematica sobre el incendio de Cortes de Pall\u00e1s y el de Andilla.<\/p>\n","protected":false},"excerpt":{"rendered":"<div class=\"mh-excerpt\">El l\u00edder de Esquerra Unida a nivel nacional, Cayo Lara, ha anunciado su intenci\u00f3n de visitar este juves la zona afectada por el incendio de Cortes de Pall\u00e1s. Tal como han informado fuentes del Ayuntamiento <a class=\"mh-excerpt-more\" href=\"https:\/\/www.tucomarca.com\/wordpress\/segunda\/cayo-lara-tiene-previsto-visitar-este-jueves-la-zona-afectada-por-el-incendio-de-cortes\/\" title=\"Cayo Lara tiene previsto visitar este jueves la zona afectada por el incendio de Cortes\">[+] <\/a><\/div>\n","protected":false},"author":1,"featured_media":5137,"comment_status":"open","ping_status":"open","sticky":false,"template":"","format":"standard","meta":{"footnotes":""},"categories":[18,8,10,142,3,45],"tags":[],"class_list":{"0":"post-5050","1":"post","2":"type-post","3":"status-publish","4":"format-standard","5":"has-post-thumbnail","7":"category-bunol","8":"category-la-comarca","9":"category-la-hoya","10":"category-politica-la-comarca","11":"category-seccion","12":"category-ventana"},"_links":{"self":[{"href":"https:\/\/www.tucomarca.com\/wordpress\/segunda\/wp-json\/wp\/v2\/posts\/5050","targetHints":{"allow":["GET"]}}],"collection":[{"href":"https:\/\/www.tucomarca.com\/wordpress\/segunda\/wp-json\/wp\/v2\/posts"}],"about":[{"href":"https:\/\/www.tucomarca.com\/wordpress\/segunda\/wp-json\/wp\/v2\/types\/post"}],"author":[{"embeddable":true,"href":"https:\/\/www.tucomarca.com\/wordpress\/segunda\/wp-json\/wp\/v2\/users\/1"}],"replies":[{"embeddable":true,"href":"https:\/\/www.tucomarca.com\/wordpress\/segunda\/wp-json\/wp\/v2\/comments?post=5050"}],"version-history":[{"count":0,"href":"https:\/\/www.tucomarca.com\/wordpress\/segunda\/wp-json\/wp\/v2\/posts\/5050\/revisions"}],"wp:featuredmedia":[{"embeddable":true,"href":"https:\/\/www.tucomarca.com\/wordpress\/segunda\/wp-json\/wp\/v2\/media\/5137"}],"wp:attachment":[{"href":"https:\/\/www.tucomarca.com\/wordpress\/segunda\/wp-json\/wp\/v2\/media?parent=5050"}],"wp:term":[{"taxonomy":"category","embeddable":true,"href":"https:\/\/www.tucomarca.com\/wordpress\/segunda\/wp-json\/wp\/v2\/categories?post=5050"},{"taxonomy":"post_tag","embeddable":true,"href":"https:\/\/www.tucomarca.com\/wordpress\/segunda\/wp-json\/wp\/v2\/tags?post=5050"}],"curies":[{"name":"wp","href":"https:\/\/api.w.org\/{rel}","templated":true}]}}