{"id":5057,"date":"2012-07-04T14:33:37","date_gmt":"2012-07-04T12:33:37","guid":{"rendered":"http:\/\/www.tucomarca.com\/wordpress\/segunda\/?p=5057"},"modified":"2012-07-04T14:33:37","modified_gmt":"2012-07-04T12:33:37","slug":"el-circuit-reduce-el-precio-de-las-entradas-de-moto-gp-un-veinticinco-por-ciento","status":"publish","type":"post","link":"https:\/\/www.tucomarca.com\/wordpress\/segunda\/el-circuit-reduce-el-precio-de-las-entradas-de-moto-gp-un-veinticinco-por-ciento\/","title":{"rendered":"El Circuit reduce el precio de las entradas de Moto GP un veinticinco por ciento"},"content":{"rendered":"<p>El Circuit de la Comunitat Valenciana Ricardo Tormo comenzar\u00e1 ma\u00f1ana  jueves la venta de entradas para asistir al Gran Premio Generali de la  Comunitat Valenciana de motociclismo, la \u00faltima cita del mundial que se  celebrar\u00e1 en Cheste del 9 al 11 de noviembre.<\/p>\n<p>Durante los meses de julio y agosto, los aficionados que  adquieran su entrada para presenciar el Gran Premio disfrutar\u00e1n de un  descuento adicional sobre el precio de las entradas del 15 por ciento.<\/p>\n<p>As\u00ed, la Tribuna de Boxes ha sufrido una reducci\u00f3n de 45\u0080 y se  queda en 145 euros como la localidad m\u00e1s cara, mientras que el precio de  las Tribunas Blanca y Roja y del Balc\u00f3n, se ha rebajado en 10\u0080. De esta  forma la tribuna m\u00e1s barata ser\u00e1 la Blanca por solo 35 euros y el  balc\u00f3n se vender\u00e1 a partir del 1 de septiembre a 20 euros. El precio de  los asientos en las gradas Naranja, Amarilla, Azul y Verde tambi\u00e9n ha  sido reducido en hasta un 45 por ciento como es el caso de la Tribuna  Verde que pasa de 90 a 50 euros.<\/p>\n<p>\u00abHemos realizado nuestro mayor esfuerzo para tratar de llegar  un a\u00f1o m\u00e1s al lleno, las circunstancias mandan y debemos ayudar en la  medida en la que podemos a que todos los aficionados no se pierdan una  gran cita como es nuestro Gran Premio\u00bb ha indicado Gonzalo Gobert,  director general del Circuit, Gobert espera poder \u00abdisfrutar con los  pilotos espa\u00f1oles como hemos hecho cada a\u00f1o, en 2010 tuvimos triplete de  ganadores espa\u00f1oles y el pasado a\u00f1o pudimos celebrar la consecuci\u00f3n del  Campeonato del Mundo por parte de uno de los nuestros como es Nico  Terol\u00bb.<\/p>\n<p><strong>Promociones y descuentos <\/strong><\/p>\n<p>Junto con la acci\u00f3n del 15%, v\u00e1lida para todos los compradores  hasta el 31 de agosto, el Circuit ha puesto en marcha  otras  iniciativas.<\/p>\n<p>Ya durante la celebraci\u00f3n del Gran Premio de Europa de Formula 1  en el Valencia Street Circuit se repartieron cupones de descuento  v\u00e1lidos hasta el 31 de julio con los cuales los aficionados pueden  comprar sus entradas con un 20 por ciento de descuento exclusivamente a  trav\u00e9s de la p\u00e1gina web del Circuit www.circuitvalencia.com. Todos los  aficionados recibieron a las puertas del circuito urbano una copia del  cup\u00f3n que contiene un c\u00f3digo que deber\u00e1 ser introducido a la hora de  realizar la compra en la web.<\/p>\n<p>Asimismo, como ya es habitual, los miembros del Club de Socios  del Circuit contar\u00e1n con un 15 por ciento adicional de descuento y los  portadores del Carnet Jove con un 10.<\/p>\n<p>Los ni\u00f1os desde seis hasta doce a\u00f1os pueden comprar entradas a  mitad de precio y los menores de 6 no pagan entrada y no tienen derecho  a asiento.<\/p>\n<p>Esta temporada por primera vez la venta se realiza  directamente a trav\u00e9s de la p\u00e1gina web oficial del Circuit de la  Comunitat Valenciana Ricardo Tormo www.circuitvalencia.com adem\u00e1s de en  los canales habituales: El Corte Ingl\u00e9s, entradas.com, Carrefour, Fnac\u0085<\/p>\n<p>TRIBUNA\t\tPRECIO 2012(*)\tPROMOCI\u00d3N HASTA 31 AGOSTO<br \/>\nTribuna Boxes\t\t145\u0080\t\t\t123,25\u0080<br \/>\nTribuna Naranja\t110\u0080\t\t\t93,50\u0080<br \/>\nTribuna Norte Amarilla\t95\u0080\t\t\t80,75\u0080<br \/>\nTribuna Oeste Azul\t70\u0080\t\t\t59,50\u0080<br \/>\nTribuna Oeste Verde\t50\u0080\t\t\t42,50\u0080<br \/>\nTribuna Oeste Roja\t50\u0080\t\t\t42,50\u0080<br \/>\nTribuna Blanca\t\t35\u0080\t\t\t29,75\u0080<\/p>\n<p>(*) precios v\u00e1lidos para los 3 d\u00edas del evento. IVA incluido.  Estos precios subir\u00e1n en 10 euros en las taquillas del Circuit durante  la semana del Gran Premio<\/p>\n","protected":false},"excerpt":{"rendered":"<div class=\"mh-excerpt\">El Circuit de la Comunitat Valenciana Ricardo Tormo comenzar\u00e1 ma\u00f1ana jueves la venta de entradas para asistir al Gran Premio Generali de la Comunitat Valenciana de motociclismo, la \u00faltima cita del mundial que se celebrar\u00e1 <a class=\"mh-excerpt-more\" href=\"https:\/\/www.tucomarca.com\/wordpress\/segunda\/el-circuit-reduce-el-precio-de-las-entradas-de-moto-gp-un-veinticinco-por-ciento\/\" title=\"El Circuit reduce el precio de las entradas de Moto GP un veinticinco por ciento\">[+] <\/a><\/div>\n","protected":false},"author":1,"featured_media":0,"comment_status":"open","ping_status":"open","sticky":false,"template":"","format":"standard","meta":{"footnotes":""},"categories":[17,6,72,91,3],"tags":[],"class_list":{"0":"post-5057","1":"post","2":"type-post","3":"status-publish","4":"format-standard","6":"category-cheste","7":"category-deportes","8":"category-sin-categorizar","9":"category-motociclismo","10":"category-seccion"},"_links":{"self":[{"href":"https:\/\/www.tucomarca.com\/wordpress\/segunda\/wp-json\/wp\/v2\/posts\/5057","targetHints":{"allow":["GET"]}}],"collection":[{"href":"https:\/\/www.tucomarca.com\/wordpress\/segunda\/wp-json\/wp\/v2\/posts"}],"about":[{"href":"https:\/\/www.tucomarca.com\/wordpress\/segunda\/wp-json\/wp\/v2\/types\/post"}],"author":[{"embeddable":true,"href":"https:\/\/www.tucomarca.com\/wordpress\/segunda\/wp-json\/wp\/v2\/users\/1"}],"replies":[{"embeddable":true,"href":"https:\/\/www.tucomarca.com\/wordpress\/segunda\/wp-json\/wp\/v2\/comments?post=5057"}],"version-history":[{"count":0,"href":"https:\/\/www.tucomarca.com\/wordpress\/segunda\/wp-json\/wp\/v2\/posts\/5057\/revisions"}],"wp:attachment":[{"href":"https:\/\/www.tucomarca.com\/wordpress\/segunda\/wp-json\/wp\/v2\/media?parent=5057"}],"wp:term":[{"taxonomy":"category","embeddable":true,"href":"https:\/\/www.tucomarca.com\/wordpress\/segunda\/wp-json\/wp\/v2\/categories?post=5057"},{"taxonomy":"post_tag","embeddable":true,"href":"https:\/\/www.tucomarca.com\/wordpress\/segunda\/wp-json\/wp\/v2\/tags?post=5057"}],"curies":[{"name":"wp","href":"https:\/\/api.w.org\/{rel}","templated":true}]}}