{"id":5060,"date":"2012-07-04T14:44:20","date_gmt":"2012-07-04T12:44:20","guid":{"rendered":"http:\/\/www.tucomarca.com\/wordpress\/segunda\/?p=5060"},"modified":"2012-07-04T14:44:20","modified_gmt":"2012-07-04T12:44:20","slug":"el-ayuntamiento-de-vilamarxant-celebra-una-recepcion-oficial-a-raul-albiol-tras-el-triunfo-de-la-seleccion-en-la-eurocopa","status":"publish","type":"post","link":"https:\/\/www.tucomarca.com\/wordpress\/segunda\/el-ayuntamiento-de-vilamarxant-celebra-una-recepcion-oficial-a-raul-albiol-tras-el-triunfo-de-la-seleccion-en-la-eurocopa\/","title":{"rendered":"El Ayuntamiento de Vilamarxant celebra una recepci\u00f3n oficial a Ra\u00fal Albiol tras el triunfo de la selecci\u00f3n en la Eurocopa"},"content":{"rendered":"<p>El Ayuntamiento de Vilamarxant celebrar\u00e1 ma\u00f1ana jueves, 5 de julio, a las 20,00 horas, una recepci\u00f3n oficial a Ra\u00fal Albiol, natural de la localidad y miembro de la selecci\u00f3n espa\u00f1ola de f\u00fatbol, con motivo del reciente triunfo de la selecci\u00f3n nacional en la Eurocopa 2012.<\/p>\n<p>Al acto institucional, que tendr\u00e1 lugar en el consistorio, est\u00e1 previsto que asista la corporaci\u00f3n municipal, alcaldes de la comarca, familiares, amigos y vecinos del homenajeado, as\u00ed como los ni\u00f1os que participan en el campus de f\u00fatbol base \u201cHermanos Albiol\u201d, que se celebra durante esta semana en las instalaciones deportivas del municipio.<\/p>\n<p>Este ser\u00e1 el tercer acto que el Ayuntamiento celebre para rendir homenaje al jugador de f\u00fatbol local que, desde el 23 de diciembre de 2011, ostenta el t\u00edtulo de Hijo Predilecto de la localidad, como colof\u00f3n a la multitud de t\u00edtulos deportivos alcanzados durante su trayectoria futbol\u00edstica.<\/p>\n","protected":false},"excerpt":{"rendered":"<div class=\"mh-excerpt\">El Ayuntamiento de Vilamarxant celebrar\u00e1 ma\u00f1ana jueves, 5 de julio, a las 20,00 horas, una recepci\u00f3n oficial a Ra\u00fal Albiol, natural de la localidad y miembro de la selecci\u00f3n espa\u00f1ola de f\u00fatbol, con motivo del <a class=\"mh-excerpt-more\" href=\"https:\/\/www.tucomarca.com\/wordpress\/segunda\/el-ayuntamiento-de-vilamarxant-celebra-una-recepcion-oficial-a-raul-albiol-tras-el-triunfo-de-la-seleccion-en-la-eurocopa\/\" title=\"El Ayuntamiento de Vilamarxant celebra una recepci\u00f3n oficial a Ra\u00fal Albiol tras el triunfo de la selecci\u00f3n en la Eurocopa\">[+] <\/a><\/div>\n","protected":false},"author":1,"featured_media":5061,"comment_status":"open","ping_status":"open","sticky":false,"template":"","format":"standard","meta":{"footnotes":""},"categories":[46,50,6,3,184],"tags":[],"class_list":{"0":"post-5060","1":"post","2":"type-post","3":"status-publish","4":"format-standard","5":"has-post-thumbnail","7":"category-camp-de-turia","8":"category-futbol-deportes","9":"category-deportes","10":"category-seccion","11":"category-vilamarxant"},"_links":{"self":[{"href":"https:\/\/www.tucomarca.com\/wordpress\/segunda\/wp-json\/wp\/v2\/posts\/5060","targetHints":{"allow":["GET"]}}],"collection":[{"href":"https:\/\/www.tucomarca.com\/wordpress\/segunda\/wp-json\/wp\/v2\/posts"}],"about":[{"href":"https:\/\/www.tucomarca.com\/wordpress\/segunda\/wp-json\/wp\/v2\/types\/post"}],"author":[{"embeddable":true,"href":"https:\/\/www.tucomarca.com\/wordpress\/segunda\/wp-json\/wp\/v2\/users\/1"}],"replies":[{"embeddable":true,"href":"https:\/\/www.tucomarca.com\/wordpress\/segunda\/wp-json\/wp\/v2\/comments?post=5060"}],"version-history":[{"count":0,"href":"https:\/\/www.tucomarca.com\/wordpress\/segunda\/wp-json\/wp\/v2\/posts\/5060\/revisions"}],"wp:featuredmedia":[{"embeddable":true,"href":"https:\/\/www.tucomarca.com\/wordpress\/segunda\/wp-json\/wp\/v2\/media\/5061"}],"wp:attachment":[{"href":"https:\/\/www.tucomarca.com\/wordpress\/segunda\/wp-json\/wp\/v2\/media?parent=5060"}],"wp:term":[{"taxonomy":"category","embeddable":true,"href":"https:\/\/www.tucomarca.com\/wordpress\/segunda\/wp-json\/wp\/v2\/categories?post=5060"},{"taxonomy":"post_tag","embeddable":true,"href":"https:\/\/www.tucomarca.com\/wordpress\/segunda\/wp-json\/wp\/v2\/tags?post=5060"}],"curies":[{"name":"wp","href":"https:\/\/api.w.org\/{rel}","templated":true}]}}