{"id":5064,"date":"2012-07-04T15:02:11","date_gmt":"2012-07-04T13:02:11","guid":{"rendered":"http:\/\/www.tucomarca.com\/wordpress\/segunda\/?p=5064"},"modified":"2012-07-04T15:02:11","modified_gmt":"2012-07-04T13:02:11","slug":"medio-ambiente-informa-a-quienes-encuentren-animales-heridos-por-los-incendios-que-llamen-al-112-o-a-la-granja-de-el-saler","status":"publish","type":"post","link":"https:\/\/www.tucomarca.com\/wordpress\/segunda\/medio-ambiente-informa-a-quienes-encuentren-animales-heridos-por-los-incendios-que-llamen-al-112-o-a-la-granja-de-el-saler\/","title":{"rendered":"Medio Ambiente informa a quienes encuentren animales heridos por los incendios que llamen al 112 o a la Granja de El Saler"},"content":{"rendered":"<p>La  Conselleria de Medio Ambiente ha informado a los ciudadanos que  localicen animales silvestres heridos en las zonas cercanas a los  incendios de Antilla y de Cortes de Pall\u00e1s que se pongan en contacto con  Emergencias de la Generalitat, a trav\u00e9s del 112, o con el Centro de  Recuperaci\u00f3n de Fauna de El Saler, al tel\u00e9fono 96 161 08 47.<\/p>\n<p>Una vez dados los avisos, los t\u00e9cnicos del Centro de  Recuperaci\u00f3n se desplazar\u00e1n hasta el lugar donde se encuentre el animal  herido para trasladarlo a sus instalaciones.<\/p>\n<p>Igualmente, la Conselleria de Medio Ambiente ha pedido a todos  los ciudadanos interesados en colaborar en la recuperaci\u00f3n de estos  animales que eviten las zonas incluidas en el per\u00edmetro de los incendios  que todav\u00eda no han sido declarados extinguidos.<\/p>\n","protected":false},"excerpt":{"rendered":"<div class=\"mh-excerpt\">La Conselleria de Medio Ambiente ha informado a los ciudadanos que localicen animales silvestres heridos en las zonas cercanas a los incendios de Antilla y de Cortes de Pall\u00e1s que se pongan en contacto con <a class=\"mh-excerpt-more\" href=\"https:\/\/www.tucomarca.com\/wordpress\/segunda\/medio-ambiente-informa-a-quienes-encuentren-animales-heridos-por-los-incendios-que-llamen-al-112-o-a-la-granja-de-el-saler\/\" title=\"Medio Ambiente informa a quienes encuentren animales heridos por los incendios que llamen al 112 o a la Granja de El Saler\">[+] <\/a><\/div>\n","protected":false},"author":1,"featured_media":0,"comment_status":"open","ping_status":"open","sticky":false,"template":"","format":"standard","meta":{"footnotes":""},"categories":[40,8,10,3,116],"tags":[],"class_list":{"0":"post-5064","1":"post","2":"type-post","3":"status-publish","4":"format-standard","6":"category-cortes-de-pallas","7":"category-la-comarca","8":"category-la-hoya","9":"category-seccion","10":"category-sucesos-la-comarca"},"_links":{"self":[{"href":"https:\/\/www.tucomarca.com\/wordpress\/segunda\/wp-json\/wp\/v2\/posts\/5064","targetHints":{"allow":["GET"]}}],"collection":[{"href":"https:\/\/www.tucomarca.com\/wordpress\/segunda\/wp-json\/wp\/v2\/posts"}],"about":[{"href":"https:\/\/www.tucomarca.com\/wordpress\/segunda\/wp-json\/wp\/v2\/types\/post"}],"author":[{"embeddable":true,"href":"https:\/\/www.tucomarca.com\/wordpress\/segunda\/wp-json\/wp\/v2\/users\/1"}],"replies":[{"embeddable":true,"href":"https:\/\/www.tucomarca.com\/wordpress\/segunda\/wp-json\/wp\/v2\/comments?post=5064"}],"version-history":[{"count":0,"href":"https:\/\/www.tucomarca.com\/wordpress\/segunda\/wp-json\/wp\/v2\/posts\/5064\/revisions"}],"wp:attachment":[{"href":"https:\/\/www.tucomarca.com\/wordpress\/segunda\/wp-json\/wp\/v2\/media?parent=5064"}],"wp:term":[{"taxonomy":"category","embeddable":true,"href":"https:\/\/www.tucomarca.com\/wordpress\/segunda\/wp-json\/wp\/v2\/categories?post=5064"},{"taxonomy":"post_tag","embeddable":true,"href":"https:\/\/www.tucomarca.com\/wordpress\/segunda\/wp-json\/wp\/v2\/tags?post=5064"}],"curies":[{"name":"wp","href":"https:\/\/api.w.org\/{rel}","templated":true}]}}