{"id":51110,"date":"2016-11-03T22:04:40","date_gmt":"2016-11-03T19:04:40","guid":{"rendered":"http:\/\/www.tucomarca.com\/wordpress\/segunda\/?p=51110"},"modified":"2016-11-03T22:06:12","modified_gmt":"2016-11-03T19:06:12","slug":"ecologistas-y-responsables-publicos-muestran-su-decepcion-ante-la-postura-sobre-la-incineracion-defendida-por-medio-ambiente","status":"publish","type":"post","link":"https:\/\/www.tucomarca.com\/wordpress\/segunda\/ecologistas-y-responsables-publicos-muestran-su-decepcion-ante-la-postura-sobre-la-incineracion-defendida-por-medio-ambiente\/","title":{"rendered":"Ecologistas y responsables p\u00fablicos muestran su \u00abdecepci\u00f3n\u00bb ante la postura sobre la incineraci\u00f3n defendida por Medio Ambiente"},"content":{"rendered":"<figure id=\"attachment_51111\" aria-describedby=\"caption-attachment-51111\" style=\"width: 300px\" class=\"wp-caption alignleft\"><a href=\"https:\/\/www.tucomarca.com\/wordpress\/segunda\/wp-content\/uploads\/2016\/11\/incineracion.jpg\"><img loading=\"lazy\" decoding=\"async\" class=\"size-medium wp-image-51111\" title=\"incineracion\" src=\"https:\/\/www.tucomarca.com\/wordpress\/segunda\/wp-content\/uploads\/2016\/11\/incineracion-300x149.jpg\" alt=\"La reuni\u00f3n de Godelleta fue presidida por el presidente de la mancomunidad, Rafa Fora, el Secretario auton\u00f3mico, Juli\u00e0 \u00c0lvaro, y el Director General, Joan Piquer.\" width=\"300\" height=\"149\" srcset=\"https:\/\/www.tucomarca.com\/wordpress\/segunda\/wp-content\/uploads\/2016\/11\/incineracion-300x149.jpg 300w, https:\/\/www.tucomarca.com\/wordpress\/segunda\/wp-content\/uploads\/2016\/11\/incineracion-1024x511.jpg 1024w\" sizes=\"auto, (max-width: 300px) 100vw, 300px\" \/><\/a><figcaption id=\"caption-attachment-51111\" class=\"wp-caption-text\">La reuni\u00f3n de Godelleta fue presidida por el presidente de la mancomunidad, Rafa Fora, el Secretario auton\u00f3mico, Juli\u00e0 \u00c0lvaro, y el Director General, Joan Piquer.<\/figcaption><\/figure>\n<p>Tal como avanz\u00f3 tucomarca.com en su \u00faltima edici\u00f3n impresa,\u00a0Godelleta ha acogido, a instancias del presidente de la mancomunidad, Rafa Fora, una reuni\u00f3n para abordar la incineraci\u00f3n de residuos t\u00f3xicos y peligrosos en la planta cementera que Cemex tiene en Bu\u00f1ol. Una reuni\u00f3n que ha sentado en torno a una misma mesa a responsables tanto del gobierno valenciano, como de la empresa y de las plataforma ecologistas Aire Limpio y Ecologistas en Acci\u00f3n; junto a alcaldes y ediles de los municipios de La Hoya.<\/p>\n<p>Aunque la premisa sobre la que fueron convocados los diferentes agentes sociales y representanes p\u00fablicos fue la nueva Autorizaci\u00f3n Ambiental Integrada (AAI) que el gobierno valenciano est\u00e1 preparando para otorgar a la planta cementera de Bu\u00f1ol, la reuni\u00f3n se convirti\u00f3 en un debate sobre la situaci\u00f3n medioambiental actual en materia de incineraci\u00f3n; y muy especialmente la postura que mantiene el gobierno valenciano en torno a este tema, cuyos interlocutores fueron el Secretario Auton\u00f3mico de la Conselleria de Agricultura, Medio Ambiente, Cambio Clim\u00e1tico y Desarrollo Rural, Juli\u00e0 \u00c1lvaro Prat, y el Director General de Calidad Ambiental, Joan Piquer Huerga.<\/p>\n<p>En el transcursos de la reuni\u00f3n ya se pudo comprobar la enorme distancia que separa las posiciones defendidas por la empresa cementera frente a los grupos ecologistas, que no dudaron en transmitir a los representantes de la Administraci\u00f3n \u00abla enorme decepci\u00f3n\u00bb con la que, a su juicio, se cerraba la reuni\u00f3n en la que los ecologistas defendieron que se hab\u00eda \u00abevidenciado que la Conselleria de Medio Ambiente se ha plegado a las solicitudes de Cemex, manteniendo buena parte del permiso para incinerar residuos peligrosos que Cemex obtuvo de forma generosa en 2016 bajo el gobierno del Partido Popular\u00bb.<\/p>\n<p>Una valoraci\u00f3n compartida por \u00a0muchos de los alcales y ediles presentes en la reuni\u00f3n, entre ellos el presidente de la mancomunidad, Rafa Fora, que a su t\u00e9rmino dijo \u00abentender que la Conselleria de medio Ambiente est\u00e1 haciendo esfuerzos en el tema, pero no el suficiente esfuerzo que deber\u00eda hacer; porque tiene capacidad para llegar m\u00e1s lejos y acometer medidas m\u00e1s dr\u00e1sticas respecto a la contaminaci\u00f3n ambiental\u00bb.<\/p>\n<p>Ya que a su juicio, \u00abla Conselleria pod\u00eda haber presionado m\u00e1s en buscar una mayor comodidad en la comarca\u00bb; por lo que ha criticado \u00abun cierto conformismo por parte de la Conselleria en esta materia\u00bb. Rafa Fora asegur\u00f3 \u00abque a\u00fan entendiendo parte de la postura de la Administraci\u00f3n, dado que hay cosas que requieren su tiempo y no pueden ser resueltas de un d\u00eda para otro, lo que tambi\u00e9n es cierto es que la Conselleria pod\u00eda haberse esforzado un poco m\u00e1s. Por ejemplo deber\u00eda haber sido ella la que hubiese llevado la iniciativa y nos hubiese ofrecido los medios para habernos sentado; deber\u00eda haber tomado las riendas del tema de una forma m\u00e1s contundente\u00bb.Seg\u00fan Rafa Fora, la Conselleria \u00abest\u00e1 inc\u00f3moda con una situaci\u00f3n en la que no es capaz de hacer lo que deber\u00eda, a pesar de contar con los medios para poder hacerlo\u00bb; y ha asegurado que la Conselleria de Medio Ambiente \u00absigue considerando a La Hoya como el trastero o el corral, donde nos mete los trastos que no quiere: los basureros o la subestaci\u00f3n el\u00e9ctrica o ahora la incineradora; cosas que si bien nos las ha puesto el Partido Popular, este gobierno sigue manteniendo. Y se est\u00e1n revalorizando econ\u00f3micamente otras zonas de la Comunidad Valenciana en detrimento de La Hoya de Bu\u00f1ol-Chiva\u00bb.<\/p>\n<p>Ecologistas en Acci\u00f3n<\/p>\n<p>M\u00e1s cr\u00edticos han sido incluso desde la organizaci\u00f3n Ecologistas en Acci\u00f3n, donde han asegurado que Joan Piquer y Juli\u00e0 \u00c1lvaro \u00abintentaron confundir a los asistentes afirmando que se eliminar\u00eda la incineraci\u00f3n de los residuos t\u00f3xicos, irritantes y corrosivos. Incluso en la misma p\u00e1gina web de la Conselleria se llega a afirmar que \u201cdesaparecer\u00e1n los residuos t\u00f3xicos\u201d en Cemex Bu\u00f1ol. Sin embargo, lejos de esas afirmaciones, se va a continuar autorizando lo que desde 2006 Cemex tiene en su poder: incinerar residuos peligrosos. Las dos fracciones que al parecer se van a seguir incinerando en Bu\u00f1ol tienen la caracter\u00edstica de su toxicidad, adem\u00e1s de su gran volatilidad e inflamabilidad y su composici\u00f3n qu\u00edmica, con la existencia de sustancias que provocan da\u00f1o a la salud o al medio ambiente, y que al incinerarlas aumentan a\u00fan m\u00e1s la peligrosidad de sus emisiones. Existen estudios cient\u00edficos del Instituto de Salud Carlos III que demuestran un aumento de la tase de determinados tipos de c\u00e1nceres en el entorno de Cemex Bu\u00f1ol, que podr\u00eda estar en relaci\u00f3n con esas emisiones\u00bb.<\/p>\n<p>A juicio de Ecologistas en Acci\u00f3n, \u00abdemuestran una falta de compromiso con pol\u00edticas alternativas a las que se proponen desde las corporaciones y un pliegue total a las demandas de Cemex. Que se reunieran con Cemex previamente a esta reuni\u00f3n con la mancomunidad, el pasado viernes 21 de octubre, indica que esa postura actual de la Conselleria fue consensuada previamente con la multinacional mexicana\u00bb.<\/p>\n<p>\u00abEl resto de medidas que se impondr\u00e1n en la nueva AAI: control anual de las emisiones difusas, nuevos valores l\u00edmite de emisi\u00f3n, implantaci\u00f3n de las Mejores Tecnolog\u00edas Disponibles, control telem\u00e1tico en l\u00ednea de las emisiones y la ubicaci\u00f3n de una estaci\u00f3n m\u00f3vil itinerante de control de la calidad del aire son aspectos positivos y obligados por la normativa, pero que quedan por debajo de las demandas ciudadanas. Varios Ayuntamientos propusieron la instalaci\u00f3n de una nueva estaci\u00f3n fija de control de la calidad del aire \u00a0de Cemex en Bu\u00f1ol y en el entorno de Chiva, a donde van los vientos predominantes. Esa demanda ha sido rechazada y sustituida por esa estaci\u00f3n m\u00f3vil itinerante, mucho m\u00e1s precaria y de funcionamiento puntual y no continuo. Esas mediciones no aparecer\u00edan en los registros en l\u00ednea de la Red de Control de la Contaminaci\u00f3n\u00bb, han subrayado desde la organizaci\u00f3n ecologista; desde donde han insistido en que estar\u00e1n \u00abatentos a la nueva propuesta de resoluci\u00f3n, que sin duda nos har\u00e1 llegar la Conselleria de Medio Ambiente en las pr\u00f3ximas semanas. Y haremos llegar nuestras alegaciones y observaciones, para desterrar la incineraci\u00f3n de residuos, especialmente la de los residuos peligrosos en la cementera de Cemex en Bu\u00f1ol\u00bb.<br \/>\n\u00abMinuto y resultado\u00bb<\/p>\n<p>Por su parte, tanto el Secretario Auton\u00f3mico, Juli\u00e0 \u00c1lvaro Prat, como el Director General de Calidad Ambiental, \u00a0Joan Piquer Huerga, insistieron en todo momento en que lo que se ha tratado en la reuni\u00f3n \u00abno es para nada el resultado final del partido; sino la explicaci\u00f3n del punto en el que ahora nos encontramos: usando un s\u00edmil futbol\u00edstico, el minuto y resultado\u00bb; y remarcaron que el modelo de la actual Conselleria de Medio Ambiente, \u00aba diferencia del gobierno anterior, no son las incineradoras, ni la incineraci\u00f3n en cementeras, pero hay una realidad que tenemos que revertir y revertiremos sin dar pasos atr\u00e1s. Y esta situaci\u00f3n no se puede revertir de un d\u00eda para otro, necesita su tiempo y su proceso. Y en eso estamos\u00bb.<\/p>\n<p>\u00abLo que s\u00ed que tenemos muy claro \u2014a\u00f1adieron ambos responsables p\u00fablicos\u2014 es que los residuos peligrosos se van a reducir al m\u00e1ximo en la nueva AAI, se van a incrementar los controles y van a desaparecer los residuos t\u00f3xicos\u00bb.<\/p>\n<p>Por su parte, desde Cemex, sus responsables insistieron en todo momento durante la reuni\u00f3n en que ellos est\u00e1n \u00abrespetando escrupulosamente toda la normativa legal al respecto\u00bb y que sus \u00a0emisiones \u00abse encuentran dentro de los l\u00edmites que marca la ley\u00bb; y tambi\u00e9n invitaron a los ecologistas a \u00abparticipar en las Comisiones de Sostenibilidad que peri\u00f3dicamente realiza la empresa\u00bb.<\/p>\n","protected":false},"excerpt":{"rendered":"<div class=\"mh-excerpt\">Tal como avanz\u00f3 tucomarca.com en su \u00faltima edici\u00f3n impresa,\u00a0Godelleta ha acogido, a instancias del presidente de la mancomunidad, Rafa Fora, una reuni\u00f3n para abordar la incineraci\u00f3n de residuos t\u00f3xicos y peligrosos en la planta cementera <a class=\"mh-excerpt-more\" href=\"https:\/\/www.tucomarca.com\/wordpress\/segunda\/ecologistas-y-responsables-publicos-muestran-su-decepcion-ante-la-postura-sobre-la-incineracion-defendida-por-medio-ambiente\/\" title=\"Ecologistas y responsables p\u00fablicos muestran su \u00abdecepci\u00f3n\u00bb ante la postura sobre la incineraci\u00f3n defendida por Medio Ambiente\">[+] <\/a><\/div>\n","protected":false},"author":1,"featured_media":51111,"comment_status":"open","ping_status":"open","sticky":false,"template":"","format":"standard","meta":{"footnotes":""},"categories":[169,18,119,14,8,10,117,3,116,45],"tags":[],"class_list":{"0":"post-51110","1":"post","2":"type-post","3":"status-publish","4":"format-standard","5":"has-post-thumbnail","7":"category-agricultura-la-comarca","8":"category-bunol","9":"category-sanidad-la-comarca","10":"category-godelleta","11":"category-la-comarca","12":"category-la-hoya","13":"category-medio-ambiente-la-comarca","14":"category-seccion","15":"category-sucesos-la-comarca","16":"category-ventana"},"_links":{"self":[{"href":"https:\/\/www.tucomarca.com\/wordpress\/segunda\/wp-json\/wp\/v2\/posts\/51110","targetHints":{"allow":["GET"]}}],"collection":[{"href":"https:\/\/www.tucomarca.com\/wordpress\/segunda\/wp-json\/wp\/v2\/posts"}],"about":[{"href":"https:\/\/www.tucomarca.com\/wordpress\/segunda\/wp-json\/wp\/v2\/types\/post"}],"author":[{"embeddable":true,"href":"https:\/\/www.tucomarca.com\/wordpress\/segunda\/wp-json\/wp\/v2\/users\/1"}],"replies":[{"embeddable":true,"href":"https:\/\/www.tucomarca.com\/wordpress\/segunda\/wp-json\/wp\/v2\/comments?post=51110"}],"version-history":[{"count":0,"href":"https:\/\/www.tucomarca.com\/wordpress\/segunda\/wp-json\/wp\/v2\/posts\/51110\/revisions"}],"wp:featuredmedia":[{"embeddable":true,"href":"https:\/\/www.tucomarca.com\/wordpress\/segunda\/wp-json\/wp\/v2\/media\/51111"}],"wp:attachment":[{"href":"https:\/\/www.tucomarca.com\/wordpress\/segunda\/wp-json\/wp\/v2\/media?parent=51110"}],"wp:term":[{"taxonomy":"category","embeddable":true,"href":"https:\/\/www.tucomarca.com\/wordpress\/segunda\/wp-json\/wp\/v2\/categories?post=51110"},{"taxonomy":"post_tag","embeddable":true,"href":"https:\/\/www.tucomarca.com\/wordpress\/segunda\/wp-json\/wp\/v2\/tags?post=51110"}],"curies":[{"name":"wp","href":"https:\/\/api.w.org\/{rel}","templated":true}]}}