{"id":51140,"date":"2016-11-03T22:00:49","date_gmt":"2016-11-03T19:00:49","guid":{"rendered":"http:\/\/www.tucomarca.com\/wordpress\/segunda\/?p=51140"},"modified":"2016-11-03T22:00:49","modified_gmt":"2016-11-03T19:00:49","slug":"el-ayuntamiento-de-la-pobla-de-vallbona-pide-estar-dentro-del-bono-ab-de-transporte","status":"publish","type":"post","link":"https:\/\/www.tucomarca.com\/wordpress\/segunda\/el-ayuntamiento-de-la-pobla-de-vallbona-pide-estar-dentro-del-bono-ab-de-transporte\/","title":{"rendered":"El Ayuntamiento de La Pobla de Vallbona pide estar dentro del Bono AB de transporte"},"content":{"rendered":"<figure id=\"attachment_51141\" aria-describedby=\"caption-attachment-51141\" style=\"width: 300px\" class=\"wp-caption alignleft\"><a href=\"https:\/\/www.tucomarca.com\/wordpress\/segunda\/wp-content\/uploads\/2016\/11\/LaPobla.jpg\"><img loading=\"lazy\" decoding=\"async\" class=\"size-medium wp-image-51141\" title=\"LaPobla\" src=\"https:\/\/www.tucomarca.com\/wordpress\/segunda\/wp-content\/uploads\/2016\/11\/LaPobla-300x231.jpg\" alt=\"El Alcalde de la Pobla de Vallbona se ha sumado al acto institucional que se ha celebrado en el Palau de la Generalitat.\" width=\"300\" height=\"231\" srcset=\"https:\/\/www.tucomarca.com\/wordpress\/segunda\/wp-content\/uploads\/2016\/11\/LaPobla-300x231.jpg 300w, https:\/\/www.tucomarca.com\/wordpress\/segunda\/wp-content\/uploads\/2016\/11\/LaPobla-1024x790.jpg 1024w, https:\/\/www.tucomarca.com\/wordpress\/segunda\/wp-content\/uploads\/2016\/11\/LaPobla.jpg 1181w\" sizes=\"auto, (max-width: 300px) 100vw, 300px\" \/><\/a><figcaption id=\"caption-attachment-51141\" class=\"wp-caption-text\">El Alcalde de la Pobla de Vallbona se ha sumado al acto institucional que se ha celebrado en el Palau de la Generalitat.<\/figcaption><\/figure>\n<p>El Alcalde de la Pobla de Vallbona se ha sumado al acto institucional que se ha celebrado en el Palau de la Generalitat para impulsar la Autoridad Metropolitana de Transporte. La creaci\u00f3n de esta entidad tiene que permitir obtener una mayor financiaci\u00f3n del estado para mejorar la red de transporte p\u00fablico. En el acto institucional se ha reclamado que el gobierno central subvencione a la Autoridad Metropolitana de Transporte el pr\u00f3ximo a\u00f1o con 38 millones de euros.<\/p>\n<p>El Ayuntamiento de la Pobla ya hab\u00eda pedido, en una carta enviada al Ministerio de Hacienda el 27 de octubre, que colabore con la financiaci\u00f3n del transporte p\u00fablico valenciano como ya hace con lo otras ciudades como Barcelona, Madrid y Sevilla. El alcalde ha reclamado voluntad pol\u00edtica \u201cpuesto que en los \u00faltimos a\u00f1os el gobierno central ha dejado de invertir en el transporte del entorno de la ciudad unos 350 millones de euros que hubieran servido para mejorar la movilidad\u201d. Desde el consistorio se pide que se incluya la subvenci\u00f3n en el transporte p\u00fablico valenciano en los Presupuestos Generales del Estado del pr\u00f3ximo a\u00f1o.<\/p>\n<p>La Autoridad Metropolitana del Transporte se crear\u00e1 mediante una ley como ente aut\u00f3nomo de la Generalitat y tiene que entrar en funcionamiento a partir del 1 de enero. El alcalde de la Pobla pide que el municipio sea incluido en el primer cintur\u00f3n de la ciudad de Valencia. La petici\u00f3n fue trasladada en la reuni\u00f3n que Garcia mantuvo la semana pasada con el Director General de Obras P\u00fablicas, Transporte y Movilidad, Carlos Domingo, y otros municipios afectados. Josep Vicent Garcia ha destacado que \u00abpor proximidad en Valencia y por la relaci\u00f3n que se mantiene con la ciudad, la Pobla tiene que estar dentro de la zona B, lo que nos permitir\u00eda acceder a ventajas como el\u00a0 Bono AB con precios m\u00e1s asequibles para los vecinos y una mayor frecuencia el paso de los autobuses y el metro. Queremos apostar por el transporte p\u00fablico y esto supone tener un servicio de calidad y asequible\u00bb. A pesar de que la inclusi\u00f3n en esta \u00e1rea no se har\u00e1 en una primera fase, la Pobla trasladar\u00e1 su petici\u00f3n a trav\u00e9s de la Federaci\u00f3n Valenciana de Municipios y Provincias para ser incluida en futuras ampliaciones.<\/p>\n<p>La Autoridad Metropolitana de Transporte tiene que coordinar la movilidad de 60 municipios del entorno a la ciudad de Valencia y que comprende una poblaci\u00f3n de cerca de un mill\u00f3n ochocientos mil habitantes.<\/p>\n<p>El acto institucional al Palau de la Generalitat ha sido encabezada por el presdiente del Consell, Ximo Puig y la Consejera de Vivienda, Obras P\u00fablicas y Vertebraci\u00f3n del Territorio, Mar\u00eda Jos\u00e9 Salvador y han participado los m\u00e1ximos representantes municipios que conforman el \u00e1rea metropolitana de Valencia.<\/p>\n<p>&nbsp;<\/p>\n","protected":false},"excerpt":{"rendered":"<div class=\"mh-excerpt\">El Alcalde de la Pobla de Vallbona se ha sumado al acto institucional que se ha celebrado en el Palau de la Generalitat para impulsar la Autoridad Metropolitana de Transporte. La creaci\u00f3n de esta entidad <a class=\"mh-excerpt-more\" href=\"https:\/\/www.tucomarca.com\/wordpress\/segunda\/el-ayuntamiento-de-la-pobla-de-vallbona-pide-estar-dentro-del-bono-ab-de-transporte\/\" title=\"El Ayuntamiento de La Pobla de Vallbona pide estar dentro del Bono AB de transporte\">[+] <\/a><\/div>\n","protected":false},"author":1,"featured_media":51141,"comment_status":"open","ping_status":"open","sticky":false,"template":"","format":"standard","meta":{"footnotes":""},"categories":[46,128,8,174,142,3],"tags":[],"class_list":{"0":"post-51140","1":"post","2":"type-post","3":"status-publish","4":"format-standard","5":"has-post-thumbnail","7":"category-camp-de-turia","8":"category-infraestructuras","9":"category-la-comarca","10":"category-la-pobla","11":"category-politica-la-comarca","12":"category-seccion"},"_links":{"self":[{"href":"https:\/\/www.tucomarca.com\/wordpress\/segunda\/wp-json\/wp\/v2\/posts\/51140","targetHints":{"allow":["GET"]}}],"collection":[{"href":"https:\/\/www.tucomarca.com\/wordpress\/segunda\/wp-json\/wp\/v2\/posts"}],"about":[{"href":"https:\/\/www.tucomarca.com\/wordpress\/segunda\/wp-json\/wp\/v2\/types\/post"}],"author":[{"embeddable":true,"href":"https:\/\/www.tucomarca.com\/wordpress\/segunda\/wp-json\/wp\/v2\/users\/1"}],"replies":[{"embeddable":true,"href":"https:\/\/www.tucomarca.com\/wordpress\/segunda\/wp-json\/wp\/v2\/comments?post=51140"}],"version-history":[{"count":0,"href":"https:\/\/www.tucomarca.com\/wordpress\/segunda\/wp-json\/wp\/v2\/posts\/51140\/revisions"}],"wp:featuredmedia":[{"embeddable":true,"href":"https:\/\/www.tucomarca.com\/wordpress\/segunda\/wp-json\/wp\/v2\/media\/51141"}],"wp:attachment":[{"href":"https:\/\/www.tucomarca.com\/wordpress\/segunda\/wp-json\/wp\/v2\/media?parent=51140"}],"wp:term":[{"taxonomy":"category","embeddable":true,"href":"https:\/\/www.tucomarca.com\/wordpress\/segunda\/wp-json\/wp\/v2\/categories?post=51140"},{"taxonomy":"post_tag","embeddable":true,"href":"https:\/\/www.tucomarca.com\/wordpress\/segunda\/wp-json\/wp\/v2\/tags?post=51140"}],"curies":[{"name":"wp","href":"https:\/\/api.w.org\/{rel}","templated":true}]}}