{"id":5140,"date":"2012-07-05T14:57:53","date_gmt":"2012-07-05T12:57:53","guid":{"rendered":"http:\/\/www.tucomarca.com\/wordpress\/segunda\/?p=5140"},"modified":"2012-07-05T15:21:37","modified_gmt":"2012-07-05T13:21:37","slug":"video-valoracion-de-cayo-lara-eu-en-bunol-del-incendio-de-cortes-de-pallas","status":"publish","type":"post","link":"https:\/\/www.tucomarca.com\/wordpress\/segunda\/video-valoracion-de-cayo-lara-eu-en-bunol-del-incendio-de-cortes-de-pallas\/","title":{"rendered":"V\u00eddeo: Valoraci\u00f3n de Cayo Lara (EU) del incendio de Cortes de Pall\u00e1s en Bu\u00f1ol"},"content":{"rendered":"<p>Aqu\u00ed os dejamos el v\u00eddeo de la retransmisi\u00f3n en directo por<strong> tucomarca televisi\u00f3n<\/strong> de la rueda de prensa del l\u00edder nacional de Izquierda Unida, Cayo Lara, desarrollada la ma\u00f1ana de este jueves en el Ayuntamiento de Bu\u00f1ol.<\/p>\n","protected":false},"excerpt":{"rendered":"<div class=\"mh-excerpt\">Aqu\u00ed os dejamos el v\u00eddeo de la retransmisi\u00f3n en directo por tucomarca televisi\u00f3n de la rueda de prensa del l\u00edder nacional de Izquierda Unida, Cayo Lara, desarrollada la ma\u00f1ana de este jueves en el Ayuntamiento <a class=\"mh-excerpt-more\" href=\"https:\/\/www.tucomarca.com\/wordpress\/segunda\/video-valoracion-de-cayo-lara-eu-en-bunol-del-incendio-de-cortes-de-pallas\/\" title=\"V\u00eddeo: Valoraci\u00f3n de Cayo Lara (EU) del incendio de Cortes de Pall\u00e1s en Bu\u00f1ol\">[+] <\/a><\/div>\n","protected":false},"author":1,"featured_media":0,"comment_status":"open","ping_status":"open","sticky":false,"template":"","format":"standard","meta":{"footnotes":""},"categories":[18,41,8,10,42,142,3,26],"tags":[],"class_list":{"0":"post-5140","1":"post","2":"type-post","3":"status-publish","4":"format-standard","6":"category-bunol","7":"category-cofrentes","8":"category-la-comarca","9":"category-la-hoya","10":"category-la-ribera","11":"category-politica-la-comarca","12":"category-seccion","13":"category-video"},"_links":{"self":[{"href":"https:\/\/www.tucomarca.com\/wordpress\/segunda\/wp-json\/wp\/v2\/posts\/5140","targetHints":{"allow":["GET"]}}],"collection":[{"href":"https:\/\/www.tucomarca.com\/wordpress\/segunda\/wp-json\/wp\/v2\/posts"}],"about":[{"href":"https:\/\/www.tucomarca.com\/wordpress\/segunda\/wp-json\/wp\/v2\/types\/post"}],"author":[{"embeddable":true,"href":"https:\/\/www.tucomarca.com\/wordpress\/segunda\/wp-json\/wp\/v2\/users\/1"}],"replies":[{"embeddable":true,"href":"https:\/\/www.tucomarca.com\/wordpress\/segunda\/wp-json\/wp\/v2\/comments?post=5140"}],"version-history":[{"count":0,"href":"https:\/\/www.tucomarca.com\/wordpress\/segunda\/wp-json\/wp\/v2\/posts\/5140\/revisions"}],"wp:attachment":[{"href":"https:\/\/www.tucomarca.com\/wordpress\/segunda\/wp-json\/wp\/v2\/media?parent=5140"}],"wp:term":[{"taxonomy":"category","embeddable":true,"href":"https:\/\/www.tucomarca.com\/wordpress\/segunda\/wp-json\/wp\/v2\/categories?post=5140"},{"taxonomy":"post_tag","embeddable":true,"href":"https:\/\/www.tucomarca.com\/wordpress\/segunda\/wp-json\/wp\/v2\/tags?post=5140"}],"curies":[{"name":"wp","href":"https:\/\/api.w.org\/{rel}","templated":true}]}}